{"id":44931,"date":"2024-10-17T09:15:03","date_gmt":"2024-10-17T13:15:03","guid":{"rendered":"https:\/\/jid.org\/?p=44931"},"modified":"2024-10-17T09:16:36","modified_gmt":"2024-10-17T13:16:36","slug":"en-el-entorno-digital-el-peligro-puede-venir-de-todas-partes-protegete","status":"publish","type":"post","link":"https:\/\/jid.org\/pt\/en-el-entorno-digital-el-peligro-puede-venir-de-todas-partes-protegete\/","title":{"rendered":"JID promove Semin\u00e1rio Hemisf\u00e9rico de Defesa Cibern\u00e9tica \u2013 No ambiente digital, o perigo pode vir de todos os lugares. Proteja-se!"},"content":{"rendered":"<p>Ele <strong>31 de outubro de 2024<\/strong>, a Junta Interamericana de Defesa, com sede em Washington, DC, realizar\u00e1 o Semin\u00e1rio Hemisf\u00e9rico sobre Defesa Cibern\u00e9tica, com <strong>transmiss\u00e3o virtual em tr\u00eas idiomas<\/strong> \u2013 Espanhol, Ingl\u00eas e Portugu\u00eas.<\/p>\n\n\n\n<p>Este semin\u00e1rio destina-se a todos os interessados na defesa cibern\u00e9tica e especialmente aos respons\u00e1veis pela tomada de decis\u00f5es (l\u00edderes-chave seniores), bem como aos conselheiros que integram equipas de resposta a incidentes inform\u00e1ticos.<\/p>\n\n\n\n<p>Atrav\u00e9s desta iniciativa, haver\u00e1 a oportunidade de trocar informa\u00e7\u00f5es e experi\u00eancias relacionadas com a coopera\u00e7\u00e3o internacional em quest\u00f5es de defesa cibern\u00e9tica.<\/p>\n\n\n\n<p><strong>Cadastre-se agora!<\/strong><strong><a href=\"https:\/\/forms.office.com\/g\/b7xN8seFD0\" target=\"_blank\" rel=\"noopener noreferrer nofollow\">https:\/\/forms.office.com\/g\/b7xN8seFD0<\/a><\/strong><\/p>\n\n\n\n<figure class=\"wp-block-image size-full\"><img fetchpriority=\"high\" decoding=\"async\" width=\"566\" height=\"800\" src=\"https:\/\/jid.org\/wp-content\/uploads\/2024\/10\/foto-2-seminario-ciberdefensa.jpg\" alt=\"\" class=\"wp-image-44933\" srcset=\"https:\/\/jid.org\/wp-content\/uploads\/2024\/10\/foto-2-seminario-ciberdefensa.jpg 566w, https:\/\/jid.org\/wp-content\/uploads\/2024\/10\/foto-2-seminario-ciberdefensa-212x300.jpg 212w, https:\/\/jid.org\/wp-content\/uploads\/2024\/10\/foto-2-seminario-ciberdefensa-8x12.jpg 8w\" sizes=\"(max-width: 566px) 100vw, 566px\" \/><\/figure>","protected":false},"excerpt":{"rendered":"<p>No dia 31 de outubro de 2024, a Junta Interamericana de Defesa, com sede em Washington, DC, realizar\u00e1 o Semin\u00e1rio Hemisf\u00e9rico de Defesa Cibern\u00e9tica, com transmiss\u00e3o virtual em tr\u00eas idiomas \u2013 espanhol, ingl\u00eas e portugu\u00eas. Este semin\u00e1rio dirige-se a todos os interessados na defesa cibern\u00e9tica e especialmente aos respons\u00e1veis pela tomada de decis\u00f5es (chave s\u00e9nior [\u2026]<\/p>","protected":false},"author":18,"featured_media":44932,"comment_status":"closed","ping_status":"closed","sticky":false,"template":"","format":"standard","meta":{"footnotes":""},"categories":[13],"tags":[],"destacado":[361],"class_list":["post-44931","post","type-post","status-publish","format-standard","has-post-thumbnail","hentry","category-noticias","destacado-si"],"_links":{"self":[{"href":"https:\/\/jid.org\/pt\/wp-json\/wp\/v2\/posts\/44931","targetHints":{"allow":["GET"]}}],"collection":[{"href":"https:\/\/jid.org\/pt\/wp-json\/wp\/v2\/posts"}],"about":[{"href":"https:\/\/jid.org\/pt\/wp-json\/wp\/v2\/types\/post"}],"author":[{"embeddable":true,"href":"https:\/\/jid.org\/pt\/wp-json\/wp\/v2\/users\/18"}],"replies":[{"embeddable":true,"href":"https:\/\/jid.org\/pt\/wp-json\/wp\/v2\/comments?post=44931"}],"version-history":[{"count":2,"href":"https:\/\/jid.org\/pt\/wp-json\/wp\/v2\/posts\/44931\/revisions"}],"predecessor-version":[{"id":44936,"href":"https:\/\/jid.org\/pt\/wp-json\/wp\/v2\/posts\/44931\/revisions\/44936"}],"wp:featuredmedia":[{"embeddable":true,"href":"https:\/\/jid.org\/pt\/wp-json\/wp\/v2\/media\/44932"}],"wp:attachment":[{"href":"https:\/\/jid.org\/pt\/wp-json\/wp\/v2\/media?parent=44931"}],"wp:term":[{"taxonomy":"category","embeddable":true,"href":"https:\/\/jid.org\/pt\/wp-json\/wp\/v2\/categories?post=44931"},{"taxonomy":"post_tag","embeddable":true,"href":"https:\/\/jid.org\/pt\/wp-json\/wp\/v2\/tags?post=44931"},{"taxonomy":"destacado","embeddable":true,"href":"https:\/\/jid.org\/pt\/wp-json\/wp\/v2\/destacado?post=44931"}],"curies":[{"name":"wp","href":"https:\/\/api.w.org\/{rel}","templated":true}]}}