{"id":44937,"date":"2024-10-18T09:11:41","date_gmt":"2024-10-18T13:11:41","guid":{"rendered":"https:\/\/jid.org\/?p=44937"},"modified":"2024-10-18T09:11:42","modified_gmt":"2024-10-18T13:11:42","slug":"uniendo-fuerzas-por-el-bien-comun","status":"publish","type":"post","link":"https:\/\/jid.org\/pt\/uniendo-fuerzas-por-el-bien-comun\/","title":{"rendered":"Unindo for\u00e7as pelo bem comum!"},"content":{"rendered":"<p><strong>JID promove Semin\u00e1rio sobre Preven\u00e7\u00e3o, Resposta a Desastres e Emprego Aeroespacial<\/strong><\/p>\n\n\n\n<p>Ele <strong>6 e 7 de novembro de 2024<\/strong>, a Junta Interamericana de Defesa, com sede em Washington, DC, realizar\u00e1 o Semin\u00e1rio sobre Preven\u00e7\u00e3o, Resposta a Desastres e Emprego Aeroespacial, com <strong>transmiss\u00e3o virtual em tr\u00eas idiomas<\/strong> \u2013 Espanhol, Ingl\u00eas e Portugu\u00eas.<\/p>\n\n\n\n<p>O semin\u00e1rio \u00e9 destinado a militares e civis de organiza\u00e7\u00f5es de resposta a emerg\u00eancias, centros acad\u00eamicos e tomadores de decis\u00e3o. Os participantes conhecer\u00e3o experi\u00eancias, li\u00e7\u00f5es aprendidas e boas pr\u00e1ticas tanto das For\u00e7as Armadas como da Seguran\u00e7a P\u00fablica, que t\u00eam utilizado as suas capacidades em opera\u00e7\u00f5es de ajuda humanit\u00e1ria.<\/p>\n\n\n\n<figure class=\"wp-block-image size-full\"><img fetchpriority=\"high\" decoding=\"async\" width=\"800\" height=\"445\" src=\"https:\/\/jid.org\/wp-content\/uploads\/2024\/10\/Foto-2.jpg\" alt=\"\" class=\"wp-image-44939\" srcset=\"https:\/\/jid.org\/wp-content\/uploads\/2024\/10\/Foto-2.jpg 800w, https:\/\/jid.org\/wp-content\/uploads\/2024\/10\/Foto-2-300x167.jpg 300w, https:\/\/jid.org\/wp-content\/uploads\/2024\/10\/Foto-2-768x427.jpg 768w, https:\/\/jid.org\/wp-content\/uploads\/2024\/10\/Foto-2-18x10.jpg 18w\" sizes=\"(max-width: 800px) 100vw, 800px\" \/><\/figure>\n\n\n\n<p>Da mesma forma, atrav\u00e9s desta interac\u00e7\u00e3o, ser\u00e3o partilhadas informa\u00e7\u00f5es relevantes que fortalecer\u00e3o o entendimento comum e fornecer\u00e3o refer\u00eancias padronizadas para a mitiga\u00e7\u00e3o de desastres. Al\u00e9m disso, permitir\u00e1 ao p\u00fablico compreender os desafios actuais e promover\u00e1 o compromisso de integrar eficientemente as nossas capacidades para a execu\u00e7\u00e3o de opera\u00e7\u00f5es num ambiente conjunto, combinado e interag\u00eancias.<\/p>\n\n\n\n<p><strong>Cadastre-se agora!<\/strong> <a href=\"https:\/\/jid.org\/pt\/eventos\/scd\/\"><strong>https:\/\/jid.org\/eventos\/scd\/<\/strong><\/a><\/p>","protected":false},"excerpt":{"rendered":"<p>JID promove Semin\u00e1rio sobre Preven\u00e7\u00e3o, Resposta a Desastres e Emprego Aeroespacial Nos dias 6 e 7 de novembro de 2024, a Junta Interamericana de Defesa, com sede em Washington, DC, realizar\u00e1 o Semin\u00e1rio sobre Preven\u00e7\u00e3o, Resposta a Desastres e Emprego Aeroespacial, com transmiss\u00e3o virtual em tr\u00eas idiomas \u2013 espanhol, ingl\u00eas e portugu\u00eas. O semin\u00e1rio \u00e9 dirigido [\u2026]<\/p>","protected":false},"author":18,"featured_media":44938,"comment_status":"closed","ping_status":"closed","sticky":false,"template":"","format":"standard","meta":{"footnotes":""},"categories":[13],"tags":[],"destacado":[361],"class_list":["post-44937","post","type-post","status-publish","format-standard","has-post-thumbnail","hentry","category-noticias","destacado-si"],"_links":{"self":[{"href":"https:\/\/jid.org\/pt\/wp-json\/wp\/v2\/posts\/44937","targetHints":{"allow":["GET"]}}],"collection":[{"href":"https:\/\/jid.org\/pt\/wp-json\/wp\/v2\/posts"}],"about":[{"href":"https:\/\/jid.org\/pt\/wp-json\/wp\/v2\/types\/post"}],"author":[{"embeddable":true,"href":"https:\/\/jid.org\/pt\/wp-json\/wp\/v2\/users\/18"}],"replies":[{"embeddable":true,"href":"https:\/\/jid.org\/pt\/wp-json\/wp\/v2\/comments?post=44937"}],"version-history":[{"count":1,"href":"https:\/\/jid.org\/pt\/wp-json\/wp\/v2\/posts\/44937\/revisions"}],"predecessor-version":[{"id":44940,"href":"https:\/\/jid.org\/pt\/wp-json\/wp\/v2\/posts\/44937\/revisions\/44940"}],"wp:featuredmedia":[{"embeddable":true,"href":"https:\/\/jid.org\/pt\/wp-json\/wp\/v2\/media\/44938"}],"wp:attachment":[{"href":"https:\/\/jid.org\/pt\/wp-json\/wp\/v2\/media?parent=44937"}],"wp:term":[{"taxonomy":"category","embeddable":true,"href":"https:\/\/jid.org\/pt\/wp-json\/wp\/v2\/categories?post=44937"},{"taxonomy":"post_tag","embeddable":true,"href":"https:\/\/jid.org\/pt\/wp-json\/wp\/v2\/tags?post=44937"},{"taxonomy":"destacado","embeddable":true,"href":"https:\/\/jid.org\/pt\/wp-json\/wp\/v2\/destacado?post=44937"}],"curies":[{"name":"wp","href":"https:\/\/api.w.org\/{rel}","templated":true}]}}