{"id":45147,"date":"2024-11-19T14:21:29","date_gmt":"2024-11-19T19:21:29","guid":{"rendered":"https:\/\/jid.org\/?p=45147"},"modified":"2024-11-21T09:14:18","modified_gmt":"2024-11-21T14:14:18","slug":"jid-participa-en-la-xv-cumbre-internacional-de-seguridad-y-defensa-2024","status":"publish","type":"post","link":"https:\/\/jid.org\/pt\/jid-participa-en-la-xv-cumbre-internacional-de-seguridad-y-defensa-2024\/","title":{"rendered":"JID participa da XV C\u00fapula Internacional de Seguran\u00e7a e Defesa 2024"},"content":{"rendered":"<p>De 29 a 31 de outubro de 2024, a Junta Interamericana de Defesa participou da \u201cXV C\u00fapula Internacional de Seguran\u00e7a e Defesa 2024\u201d, realizada em Santo Domingo e organizada pela Funda\u00e7\u00e3o Global para Democracia e Desenvolvimento (FUNGLODE) da Rep\u00fablica Dominicana.<\/p>\n\n\n\n<p>A cimeira abordou o tema \u201cA seguran\u00e7a tem rosto de mulher: paz, g\u00e9nero e seguran\u00e7a internacional\u201d, com o objectivo de promover uma maior inclus\u00e3o das mulheres no di\u00e1logo internacional sobre seguran\u00e7a; real\u00e7ar a import\u00e2ncia da sua participa\u00e7\u00e3o nos dom\u00ednios da seguran\u00e7a e da defesa, tanto a n\u00edvel nacional como a n\u00edvel mundial; e sublinhar que as mulheres s\u00e3o uma componente essencial para enfrentar os desafios de defesa e seguran\u00e7a.<\/p>\n\n\n\n<figure class=\"wp-block-image size-full\"><img fetchpriority=\"high\" decoding=\"async\" width=\"800\" height=\"445\" src=\"https:\/\/jid.org\/wp-content\/uploads\/2024\/11\/CUMBRE-FOTO-2.jpg\" alt=\"\" class=\"wp-image-45149\" srcset=\"https:\/\/jid.org\/wp-content\/uploads\/2024\/11\/CUMBRE-FOTO-2.jpg 800w, https:\/\/jid.org\/wp-content\/uploads\/2024\/11\/CUMBRE-FOTO-2-300x167.jpg 300w, https:\/\/jid.org\/wp-content\/uploads\/2024\/11\/CUMBRE-FOTO-2-768x427.jpg 768w, https:\/\/jid.org\/wp-content\/uploads\/2024\/11\/CUMBRE-FOTO-2-18x10.jpg 18w\" sizes=\"(max-width: 800px) 100vw, 800px\" \/><\/figure>\n\n\n\n<p>O evento reuniu diversas organiza\u00e7\u00f5es nacionais e internacionais, tornando-se um f\u00f3rum de grande import\u00e2ncia, pois teve a oportunidade de destacar que a JID est\u00e1 comprometida com os desafios internacionais, oferecendo aos Estados membros assessoria educacional, consultiva e t\u00e9cnica para implementar a Resolu\u00e7\u00e3o 1.325 em hemisf\u00e9rio, enfatizando que:<\/p>\n\n\n\n<p>para.        O aconselhamento prestado centra-se principalmente em: integra\u00e7\u00e3o das mulheres nas institui\u00e7\u00f5es de defesa; promover a igualdade de g\u00e9nero; a inclus\u00e3o das mulheres nos processos de preven\u00e7\u00e3o, resolu\u00e7\u00e3o de conflitos e constru\u00e7\u00e3o da paz; bem como em fun\u00e7\u00f5es de comando e em processos de tomada de decis\u00e3o.<\/p>\n\n\n\n<p>b.       Os semin\u00e1rios organizados pelas diferentes \u00e1reas da Junta Interamericana de Defesa fortalecem as compet\u00eancias conceituais dos l\u00edderes estrat\u00e9gicos (mulheres e homens) pertencentes aos Estados membros, promovendo a participa\u00e7\u00e3o militar e civil em quest\u00f5es internacionais de interesse comum no hemisf\u00e9rio. Al\u00e9m disso, representam uma ferramenta fundamental para promover a inclus\u00e3o das mulheres no campo militar e nas opera\u00e7\u00f5es de paz.<\/p>\n\n\n\n<p>c.        Foi destacado o apoio da OEA \u00e0s iniciativas da JID no \u00e2mbito das Mulheres, Paz e Seguran\u00e7a, refletindo seu compromisso com a inclus\u00e3o das mulheres em fun\u00e7\u00f5es estrat\u00e9gicas. A Conselheira Pamela Polanco Jorge, da Miss\u00e3o Permanente da Rep\u00fablica Dominicana junto \u00e0 OEA e Segunda Vice-Presidente da Comiss\u00e3o de Seguran\u00e7a Hemisf\u00e9rica, destacou em uma mensagem de v\u00eddeo a import\u00e2ncia da participa\u00e7\u00e3o das mulheres na tomada de decis\u00f5es, sublinhando o papel crucial da JID para promover a agenda das mulheres, da paz e da seguran\u00e7a no hemisf\u00e9rio.<\/p>\n\n\n\n<p>d.       Al\u00e9m disso, destacou-se que a JID, por meio do Col\u00e9gio Interamericano de Defesa (CID), promove a forma\u00e7\u00e3o de l\u00edderes estrat\u00e9gicos da regi\u00e3o por meio de programas educacionais como semin\u00e1rios, workshops, cursos, mestrados e diplomas. Da mesma forma, foi destacado o seu compromisso com a inclus\u00e3o, promovendo a participa\u00e7\u00e3o das mulheres no seu corpo administrativo e acad\u00eamico.<\/p>\n\n\n\n<p>e.        Observou-se tamb\u00e9m que a JID est\u00e1 dispon\u00edvel para colaborar com iniciativas de organiza\u00e7\u00f5es internacionais, pa\u00edses membros e aliados estrat\u00e9gicos, a fim de promover a implementa\u00e7\u00e3o da agenda Mulheres, Paz e Seguran\u00e7a em nosso hemisf\u00e9rio.<\/p>\n\n\n\n<figure class=\"wp-block-image size-full\"><img decoding=\"async\" width=\"800\" height=\"445\" src=\"https:\/\/jid.org\/wp-content\/uploads\/2024\/11\/CUMBRE-FOTO-3.jpg\" alt=\"\" class=\"wp-image-45150\" srcset=\"https:\/\/jid.org\/wp-content\/uploads\/2024\/11\/CUMBRE-FOTO-3.jpg 800w, https:\/\/jid.org\/wp-content\/uploads\/2024\/11\/CUMBRE-FOTO-3-300x167.jpg 300w, https:\/\/jid.org\/wp-content\/uploads\/2024\/11\/CUMBRE-FOTO-3-768x427.jpg 768w, https:\/\/jid.org\/wp-content\/uploads\/2024\/11\/CUMBRE-FOTO-3-18x10.jpg 18w\" sizes=\"(max-width: 800px) 100vw, 800px\" \/><\/figure>\n\n\n\n<p>Concluindo, a \u201cXV C\u00fapula Internacional de Seguran\u00e7a e Defesa 2024\u201d proporcionou \u00e0 Junta Interamericana de Defesa a oportunidade de reafirmar seu compromisso com a Agenda Mulheres, Paz e Seguran\u00e7a, destacando iniciativas importantes para promover a integra\u00e7\u00e3o das mulheres nas institui\u00e7\u00f5es de defesa e refor\u00e7ar as pol\u00edticas de igualdade de g\u00e9nero.<\/p>\n\n\n\n<p>Este evento fortaleceu a coopera\u00e7\u00e3o entre atores nacionais e internacionais, promovendo esfor\u00e7os conjuntos para avan\u00e7ar de forma sustentada na implementa\u00e7\u00e3o da Resolu\u00e7\u00e3o 1325 no hemisf\u00e9rio.<\/p>","protected":false},"excerpt":{"rendered":"<p>De 29 a 31 de outubro de 2024, a Junta Interamericana de Defesa participou da \u201cXV C\u00fapula Internacional de Seguran\u00e7a e Defesa 2024\u201d, realizada em Santo Domingo e organizada pela Funda\u00e7\u00e3o Global para Democracia e Desenvolvimento (FUNGLODE) da Rep\u00fablica Dominicana. A cimeira abordou o tema \u00abA seguran\u00e7a tem rosto de mulher: paz, g\u00e9nero e [\u2026]<\/p>","protected":false},"author":18,"featured_media":45148,"comment_status":"closed","ping_status":"closed","sticky":false,"template":"","format":"standard","meta":{"footnotes":""},"categories":[13],"tags":[],"destacado":[361],"class_list":["post-45147","post","type-post","status-publish","format-standard","has-post-thumbnail","hentry","category-noticias","destacado-si"],"_links":{"self":[{"href":"https:\/\/jid.org\/pt\/wp-json\/wp\/v2\/posts\/45147","targetHints":{"allow":["GET"]}}],"collection":[{"href":"https:\/\/jid.org\/pt\/wp-json\/wp\/v2\/posts"}],"about":[{"href":"https:\/\/jid.org\/pt\/wp-json\/wp\/v2\/types\/post"}],"author":[{"embeddable":true,"href":"https:\/\/jid.org\/pt\/wp-json\/wp\/v2\/users\/18"}],"replies":[{"embeddable":true,"href":"https:\/\/jid.org\/pt\/wp-json\/wp\/v2\/comments?post=45147"}],"version-history":[{"count":1,"href":"https:\/\/jid.org\/pt\/wp-json\/wp\/v2\/posts\/45147\/revisions"}],"predecessor-version":[{"id":45151,"href":"https:\/\/jid.org\/pt\/wp-json\/wp\/v2\/posts\/45147\/revisions\/45151"}],"wp:featuredmedia":[{"embeddable":true,"href":"https:\/\/jid.org\/pt\/wp-json\/wp\/v2\/media\/45148"}],"wp:attachment":[{"href":"https:\/\/jid.org\/pt\/wp-json\/wp\/v2\/media?parent=45147"}],"wp:term":[{"taxonomy":"category","embeddable":true,"href":"https:\/\/jid.org\/pt\/wp-json\/wp\/v2\/categories?post=45147"},{"taxonomy":"post_tag","embeddable":true,"href":"https:\/\/jid.org\/pt\/wp-json\/wp\/v2\/tags?post=45147"},{"taxonomy":"destacado","embeddable":true,"href":"https:\/\/jid.org\/pt\/wp-json\/wp\/v2\/destacado?post=45147"}],"curies":[{"name":"wp","href":"https:\/\/api.w.org\/{rel}","templated":true}]}}