{"id":45154,"date":"2024-11-22T11:17:08","date_gmt":"2024-11-22T16:17:08","guid":{"rendered":"https:\/\/jid.org\/?p=45154"},"modified":"2024-11-22T11:17:08","modified_gmt":"2024-11-22T16:17:08","slug":"se-el-cambio-que-quieres-ver-en-el-mundo-jid-promueve-seminario-sobre-derechos-humanos-y-derecho-internacional-humanitario","status":"publish","type":"post","link":"https:\/\/jid.org\/pt\/se-el-cambio-que-quieres-ver-en-el-mundo-jid-promueve-seminario-sobre-derechos-humanos-y-derecho-internacional-humanitario\/","title":{"rendered":"Seja a mudan\u00e7a que voc\u00ea quer ver no mundo! JID promove Semin\u00e1rio sobre Direitos Humanos e Direito Internacional Humanit\u00e1rio"},"content":{"rendered":"<p>O pr\u00f3ximo <strong>11 de dezembro<\/strong> A Junta Interamericana de Defesa promover\u00e1 o Semin\u00e1rio sobre Direitos Humanos e Direito Internacional Humanit\u00e1rio, com o tema \u201c<strong>A inser\u00e7\u00e3o dos direitos humanos e do direito internacional humanit\u00e1rio na cultura das For\u00e7as Armadas: preparando tropas para sua aplica\u00e7\u00e3o em opera\u00e7\u00f5es militares<\/strong>\u201d.<\/p>\n\n\n\n<p>O evento reunir\u00e1 especialistas no tema, oferecendo a oportunidade e promovendo o interc\u00e2mbio de informa\u00e7\u00f5es, experi\u00eancias, li\u00e7\u00f5es aprendidas e melhores pr\u00e1ticas entre os Estados Membros da JID e Observadores, com vistas a melhor preparar e empregar suas tropas em opera\u00e7\u00f5es militares, internas e externas. fora de seus pa\u00edses, respeitando as normas do DIDH e do DIH.<\/p>\n\n\n\n<figure class=\"wp-block-image size-large\"><img fetchpriority=\"high\" decoding=\"async\" width=\"1024\" height=\"576\" src=\"https:\/\/jid.org\/wp-content\/uploads\/2024\/11\/Banner-seminario-DIDH-e-DIH-v2.0-Espanol-1-1024x576.jpg\" alt=\"\" class=\"wp-image-45155\" srcset=\"https:\/\/jid.org\/wp-content\/uploads\/2024\/11\/Banner-seminario-DIDH-e-DIH-v2.0-Espanol-1-1024x576.jpg 1024w, https:\/\/jid.org\/wp-content\/uploads\/2024\/11\/Banner-seminario-DIDH-e-DIH-v2.0-Espanol-1-300x169.jpg 300w, https:\/\/jid.org\/wp-content\/uploads\/2024\/11\/Banner-seminario-DIDH-e-DIH-v2.0-Espanol-1-768x432.jpg 768w, https:\/\/jid.org\/wp-content\/uploads\/2024\/11\/Banner-seminario-DIDH-e-DIH-v2.0-Espanol-1-18x10.jpg 18w, https:\/\/jid.org\/wp-content\/uploads\/2024\/11\/Banner-seminario-DIDH-e-DIH-v2.0-Espanol-1.jpg 1280w\" sizes=\"(max-width: 1024px) 100vw, 1024px\" \/><\/figure>\n\n\n\n<p>Esta ser\u00e1 uma oportunidade valiosa para receber informa\u00e7\u00f5es que permitam \u00e0s organiza\u00e7\u00f5es militares, grupos civis e ao p\u00fablico em geral obter novas perspectivas sobre como est\u00e3o preparadas as For\u00e7as Armadas do Hemisf\u00e9rio Ocidental. <strong>Destinado a<\/strong> <strong>p\u00fablico em geral<\/strong>, o Semin\u00e1rio ser\u00e1 realizado no formato <strong>presencial e virtual<\/strong>.<\/p>\n\n\n\n<p><strong>Inscreva-se gratuitamente!<\/strong><\/p>\n\n\n\n<figure class=\"wp-block-embed is-type-wp-embed is-provider-inter-american-defense-board wp-block-embed-inter-american-defense-board\"><div class=\"wp-block-embed__wrapper\">\n<blockquote class=\"wp-embedded-content\" data-secret=\"ZLzm5XETI8\"><a href=\"https:\/\/jid.org\/pt\/eventos\/seminario-sobre-derechos-humanos-y-derecho-internacional-humanitario-jid-2024\/\">Semin\u00e1rio sobre Direitos Humanos e Direito Internacional Humanit\u00e1rio \u2013 JID\/2024<\/a><\/blockquote><iframe class=\"wp-embedded-content\" sandbox=\"allow-scripts\" security=\"restricted\" style=\"position: absolute; clip: rect(1px, 1px, 1px, 1px);\" title=\"\u00abSemin\u00e1rio sobre Direitos Humanos e Direito Internacional Humanit\u00e1rio \u2013 JID\/2024\u00bb \u2014 Junta Interamericana de Defesa\" src=\"https:\/\/jid.org\/eventos\/seminario-sobre-derechos-humanos-y-derecho-internacional-humanitario-jid-2024\/embed\/#?secret=Gddzt9MtZD#?secret=ZLzm5XETI8\" data-secret=\"ZLzm5XETI8\" width=\"600\" height=\"338\" frameborder=\"0\" marginwidth=\"0\" marginheight=\"0\" scrolling=\"no\"><\/iframe>\n<\/div><\/figure>","protected":false},"excerpt":{"rendered":"<p>No dia 11 de dezembro, a Junta Interamericana de Defesa promover\u00e1 o Semin\u00e1rio sobre Direitos Humanos e Direito Internacional Humanit\u00e1rio, com o tema \u201cA inser\u00e7\u00e3o dos direitos humanos e do direito internacional humanit\u00e1rio na cultura das For\u00e7as Armadas: preparando tropas para sua aplica\u00e7\u00e3o nas for\u00e7as armadas opera\u00e7\u00f5es&quot;. O evento reunir\u00e1 especialistas em [\u2026]<\/p>","protected":false},"author":18,"featured_media":45156,"comment_status":"closed","ping_status":"closed","sticky":false,"template":"","format":"standard","meta":{"footnotes":""},"categories":[13],"tags":[],"destacado":[361],"class_list":["post-45154","post","type-post","status-publish","format-standard","has-post-thumbnail","hentry","category-noticias","destacado-si"],"_links":{"self":[{"href":"https:\/\/jid.org\/pt\/wp-json\/wp\/v2\/posts\/45154","targetHints":{"allow":["GET"]}}],"collection":[{"href":"https:\/\/jid.org\/pt\/wp-json\/wp\/v2\/posts"}],"about":[{"href":"https:\/\/jid.org\/pt\/wp-json\/wp\/v2\/types\/post"}],"author":[{"embeddable":true,"href":"https:\/\/jid.org\/pt\/wp-json\/wp\/v2\/users\/18"}],"replies":[{"embeddable":true,"href":"https:\/\/jid.org\/pt\/wp-json\/wp\/v2\/comments?post=45154"}],"version-history":[{"count":1,"href":"https:\/\/jid.org\/pt\/wp-json\/wp\/v2\/posts\/45154\/revisions"}],"predecessor-version":[{"id":45157,"href":"https:\/\/jid.org\/pt\/wp-json\/wp\/v2\/posts\/45154\/revisions\/45157"}],"wp:featuredmedia":[{"embeddable":true,"href":"https:\/\/jid.org\/pt\/wp-json\/wp\/v2\/media\/45156"}],"wp:attachment":[{"href":"https:\/\/jid.org\/pt\/wp-json\/wp\/v2\/media?parent=45154"}],"wp:term":[{"taxonomy":"category","embeddable":true,"href":"https:\/\/jid.org\/pt\/wp-json\/wp\/v2\/categories?post=45154"},{"taxonomy":"post_tag","embeddable":true,"href":"https:\/\/jid.org\/pt\/wp-json\/wp\/v2\/tags?post=45154"},{"taxonomy":"destacado","embeddable":true,"href":"https:\/\/jid.org\/pt\/wp-json\/wp\/v2\/destacado?post=45154"}],"curies":[{"name":"wp","href":"https:\/\/api.w.org\/{rel}","templated":true}]}}