{"id":45175,"date":"2024-12-02T16:17:33","date_gmt":"2024-12-02T21:17:33","guid":{"rendered":"https:\/\/jid.org\/?p=45175"},"modified":"2024-12-11T08:34:20","modified_gmt":"2024-12-11T13:34:20","slug":"no-preguntes-por-quien-doblan-las-campanas-doblan-por-ti-2","status":"publish","type":"post","link":"https:\/\/jid.org\/pt\/no-preguntes-por-quien-doblan-las-campanas-doblan-por-ti-2\/","title":{"rendered":"\u201cN\u00e3o pergunte por quem os sinos dobram; eles dobram para voc\u00ea"},"content":{"rendered":"<p><strong>JID promove Semin\u00e1rio sobre Direitos Humanos e Direito Internacional Humanit\u00e1rio<\/strong><\/p>\n\n\n\n<p>Os canais para transmiss\u00e3o no YouTube s\u00e3o os seguintes:<br>Idioma Original:<br>https:\/\/www.youtube.com\/@inter-americandefenseboard2201\/streams<br>Canal da Mancha:<br>https:\/\/www.youtube.com\/@iadbjiden4562\/streams<br>Canal espanhol:<br>https:\/\/www.youtube.com\/@iadbjidespanol8693\/streams<br>Canal Portugu\u00eas:<br>https:\/\/www.youtube.com\/@iadbjidpt3280\/streams<\/p>\n\n\n\n<p>O pr\u00f3ximo <strong>11 de dezembro<\/strong> A Junta Interamericana de Defesa promover\u00e1 o Semin\u00e1rio sobre Direitos Humanos e Direito Internacional Humanit\u00e1rio, com o tema \u201c<strong>A inser\u00e7\u00e3o dos direitos humanos e do direito internacional humanit\u00e1rio na cultura das For\u00e7as Armadas: preparando tropas para sua aplica\u00e7\u00e3o em opera\u00e7\u00f5es militares<\/strong>\u201d.<\/p>\n\n\n\n<figure class=\"wp-block-image size-large\"><img fetchpriority=\"high\" decoding=\"async\" width=\"1024\" height=\"576\" src=\"https:\/\/jid.org\/wp-content\/uploads\/2024\/12\/Banner-seminario-DIDH-e-DIH-v2.0-Espanol-1024x576.jpg\" alt=\"\" class=\"wp-image-45177\" srcset=\"https:\/\/jid.org\/wp-content\/uploads\/2024\/12\/Banner-seminario-DIDH-e-DIH-v2.0-Espanol-1024x576.jpg 1024w, https:\/\/jid.org\/wp-content\/uploads\/2024\/12\/Banner-seminario-DIDH-e-DIH-v2.0-Espanol-300x169.jpg 300w, https:\/\/jid.org\/wp-content\/uploads\/2024\/12\/Banner-seminario-DIDH-e-DIH-v2.0-Espanol-768x432.jpg 768w, https:\/\/jid.org\/wp-content\/uploads\/2024\/12\/Banner-seminario-DIDH-e-DIH-v2.0-Espanol-18x10.jpg 18w, https:\/\/jid.org\/wp-content\/uploads\/2024\/12\/Banner-seminario-DIDH-e-DIH-v2.0-Espanol.jpg 1280w\" sizes=\"(max-width: 1024px) 100vw, 1024px\" \/><\/figure>\n\n\n\n<p>O evento reunir\u00e1 especialistas no tema, oferecendo a oportunidade e promovendo o interc\u00e2mbio de informa\u00e7\u00f5es, experi\u00eancias, li\u00e7\u00f5es aprendidas e melhores pr\u00e1ticas entre os Estados Membros da JID e Observadores, com vistas a melhor preparar e empregar suas tropas em opera\u00e7\u00f5es militares, internas e externas. fora de seus pa\u00edses, respeitando as normas do DIDH e do DIH.<\/p>\n\n\n\n<p>Esta ser\u00e1 uma oportunidade valiosa para receber informa\u00e7\u00f5es que permitam \u00e0s organiza\u00e7\u00f5es militares, grupos civis e ao p\u00fablico em geral obter novas perspectivas sobre como est\u00e3o preparadas as For\u00e7as Armadas do Hemisf\u00e9rio Ocidental. <strong>Destinado a<\/strong> <strong>p\u00fablico em geral<\/strong>, o Semin\u00e1rio ser\u00e1 realizado no formato <strong>presencial e virtual<\/strong>.<\/p>\n\n\n\n<p><strong>Inscreva-se gratuitamente!<\/strong> <a href=\"https:\/\/jid.org\/pt\/eventos\/seminario-sobre-derechos-humanos-y-derecho-internacional-humanitario-jid-2024\/\"><strong><em>https:\/\/jid.org\/eventos\/seminario-sobre-derechos-humanos-y-derecho-internacional-humanitario-jid-2024\/<\/em><\/strong><\/a><\/p>","protected":false},"excerpt":{"rendered":"<p>JID promove Semin\u00e1rio sobre Direitos Humanos e Direito Internacional Humanit\u00e1rio Os canais para transmiss\u00e3o no YouTube s\u00e3o os seguintes: Idioma Original: https:\/\/www.youtube.com\/@inter-americandefenseboard2201\/streams Canal em Ingl\u00eas: https:\/\/www.youtube . com\/@iadbjiden4562\/streamsCanal em espanhol:https:\/\/www.youtube.com\/@iadbjidespanol8693\/streamsCanal em espanhol:https:\/\/www.youtube.com\/@iadbjidespanol8693\/streamsCanal em espanhol Portugu\u00eas:https:\/\/www.youtube.com\/@iadbjidpt3280\/streams No dia 11 de dezembro, a Junta Interamericana de Defesa promover\u00e1 o Semin\u00e1rio sobre Direitos Humanos e Direito Internacional Humanit\u00e1rio, com o tema \u201cA inser\u00e7\u00e3o de direitos [\u2026]<\/p>","protected":false},"author":18,"featured_media":45176,"comment_status":"closed","ping_status":"closed","sticky":false,"template":"","format":"standard","meta":{"footnotes":""},"categories":[13],"tags":[],"destacado":[361],"class_list":["post-45175","post","type-post","status-publish","format-standard","has-post-thumbnail","hentry","category-noticias","destacado-si"],"_links":{"self":[{"href":"https:\/\/jid.org\/pt\/wp-json\/wp\/v2\/posts\/45175","targetHints":{"allow":["GET"]}}],"collection":[{"href":"https:\/\/jid.org\/pt\/wp-json\/wp\/v2\/posts"}],"about":[{"href":"https:\/\/jid.org\/pt\/wp-json\/wp\/v2\/types\/post"}],"author":[{"embeddable":true,"href":"https:\/\/jid.org\/pt\/wp-json\/wp\/v2\/users\/18"}],"replies":[{"embeddable":true,"href":"https:\/\/jid.org\/pt\/wp-json\/wp\/v2\/comments?post=45175"}],"version-history":[{"count":2,"href":"https:\/\/jid.org\/pt\/wp-json\/wp\/v2\/posts\/45175\/revisions"}],"predecessor-version":[{"id":45188,"href":"https:\/\/jid.org\/pt\/wp-json\/wp\/v2\/posts\/45175\/revisions\/45188"}],"wp:featuredmedia":[{"embeddable":true,"href":"https:\/\/jid.org\/pt\/wp-json\/wp\/v2\/media\/45176"}],"wp:attachment":[{"href":"https:\/\/jid.org\/pt\/wp-json\/wp\/v2\/media?parent=45175"}],"wp:term":[{"taxonomy":"category","embeddable":true,"href":"https:\/\/jid.org\/pt\/wp-json\/wp\/v2\/categories?post=45175"},{"taxonomy":"post_tag","embeddable":true,"href":"https:\/\/jid.org\/pt\/wp-json\/wp\/v2\/tags?post=45175"},{"taxonomy":"destacado","embeddable":true,"href":"https:\/\/jid.org\/pt\/wp-json\/wp\/v2\/destacado?post=45175"}],"curies":[{"name":"wp","href":"https:\/\/api.w.org\/{rel}","templated":true}]}}