{"id":45184,"date":"2024-12-09T09:33:18","date_gmt":"2024-12-09T14:33:18","guid":{"rendered":"https:\/\/jid.org\/?p=45184"},"modified":"2024-12-11T08:23:09","modified_gmt":"2024-12-11T13:23:09","slug":"jid-realiza-presentacion-sobre-medidas-de-fomento-a-la-confianza-y-seguridad-en-colombia","status":"publish","type":"post","link":"https:\/\/jid.org\/pt\/jid-realiza-presentacion-sobre-medidas-de-fomento-a-la-confianza-y-seguridad-en-colombia\/","title":{"rendered":"JID faz apresenta\u00e7\u00e3o sobre Medidas para Promover a Confian\u00e7a e a Seguran\u00e7a na Col\u00f4mbia"},"content":{"rendered":"<p>No dia 27 de novembro, o Coronel da For\u00e7a A\u00e9rea Peruana Luis Antonio Tolmos Valdivia fez uma apresenta\u00e7\u00e3o \u00e0 Escola Superior de Guerra \u201cRafael Reyes Prieto\u201d da Col\u00f4mbia sobre Medidas para Promover a Confian\u00e7a e a Seguran\u00e7a (MFCS) no Sistema Interamericano.<\/p>\n\n\n\n<p>A apresenta\u00e7\u00e3o destacou as atividades realizadas pela Junta Interamericana de Defesa, por meio de suas linhas de a\u00e7\u00e3o, promovendo a seguran\u00e7a e a coopera\u00e7\u00e3o hemisf\u00e9rica, destacando entre elas as CSBMs.<\/p>\n\n\n\n<p>Da mesma forma, foi destacado que as MFCS concentram-se na <strong>transpar\u00eancia, coopera\u00e7\u00e3o e respeito m\u00fatuo<\/strong> entre os Estados-Membros e que estas medidas incluam a <strong>limita\u00e7\u00e3o de armas convencionais<\/strong>, o <strong>resolu\u00e7\u00e3o pac\u00edfica de disputas<\/strong> e ele <strong>respeito pela soberania dos Estados<\/strong>.<\/p>\n\n\n\n<figure class=\"wp-block-image size-full\"><img fetchpriority=\"high\" decoding=\"async\" width=\"800\" height=\"445\" src=\"https:\/\/jid.org\/wp-content\/uploads\/2024\/12\/FORO-MFCS-ESDEG-FOTO-21.jpg\" alt=\"\" class=\"wp-image-45186\" srcset=\"https:\/\/jid.org\/wp-content\/uploads\/2024\/12\/FORO-MFCS-ESDEG-FOTO-21.jpg 800w, https:\/\/jid.org\/wp-content\/uploads\/2024\/12\/FORO-MFCS-ESDEG-FOTO-21-300x167.jpg 300w, https:\/\/jid.org\/wp-content\/uploads\/2024\/12\/FORO-MFCS-ESDEG-FOTO-21-768x427.jpg 768w, https:\/\/jid.org\/wp-content\/uploads\/2024\/12\/FORO-MFCS-ESDEG-FOTO-21-18x10.jpg 18w\" sizes=\"(max-width: 800px) 100vw, 800px\" \/><\/figure>\n\n\n\n<p>Por outro lado, foi indicado que a Organiza\u00e7\u00e3o dos Estados Americanos (OEA) e a Junta Interamericana de Defesa (JID) desempenham um papel crucial na promo\u00e7\u00e3o destas medidas, atrav\u00e9s de diversas a\u00e7\u00f5es, como a nova ferramenta tecnol\u00f3gica para o controle e monitoramento das medidas e que contribuem significativamente para:<\/p>\n\n\n\n<ol class=\"wp-block-list\">\n<li><strong>Preven\u00e7\u00e3o de Conflitos<\/strong>: As MFCS ajudam a reduzir tens\u00f5es e a prevenir conflitos, promovendo a transpar\u00eancia e a comunica\u00e7\u00e3o aberta entre os pa\u00edses.<\/li>\n\n\n\n<li><strong>Fortalecendo a Coopera\u00e7\u00e3o<\/strong>: Promovem a coopera\u00e7\u00e3o e a colabora\u00e7\u00e3o entre as for\u00e7as armadas e outras organiza\u00e7\u00f5es internacionais, o que \u00e9 vital em situa\u00e7\u00f5es de emerg\u00eancia ou desastres naturais.<\/li>\n\n\n\n<li><strong>Estabilidade Regional<\/strong>: Contribuem para a estabilidade e seguran\u00e7a regionais, garantindo que os pa\u00edses trabalham em conjunto, em vez de competirem ou confrontarem-se entre si.<\/li>\n\n\n\n<li><strong>Constru\u00e7\u00e3o de confian\u00e7a<\/strong>: Ajudam a construir a confian\u00e7a m\u00fatua entre os pa\u00edses, o que \u00e9 essencial para a paz e a seguran\u00e7a a longo prazo.<\/li>\n\n\n\n<li><strong>Desenvolvimento de capacidades<\/strong>: Permitem a troca de conhecimentos e experi\u00eancias, melhorando as capacidades militares e de defesa dos pa\u00edses membros.<\/li>\n\n\n\n<li><strong>Respeito pelos Direitos Humanos<\/strong>: \u00c9 essencial que as MFCS operem sob quadros jur\u00eddicos e humanit\u00e1rios claros para evitar abusos e viola\u00e7\u00f5es dos direitos humanos.<\/li>\n<\/ol>\n\n\n\n<p>Em resumo, as medidas de fortalecimento da confian\u00e7a e da seguran\u00e7a s\u00e3o cruciais para promover a paz, a coopera\u00e7\u00e3o e a estabilidade no sistema interamericano.<\/p>","protected":false},"excerpt":{"rendered":"<p>No dia 27 de novembro, o Coronel da For\u00e7a A\u00e9rea Peruana Luis Antonio Tolmos Valdivia fez uma apresenta\u00e7\u00e3o \u00e0 Escola Superior de Guerra \u201cRafael Reyes Prieto\u201d da Col\u00f4mbia sobre Medidas para Promover a Confian\u00e7a e a Seguran\u00e7a (MFCS) no Sistema Interamericano. Na apresenta\u00e7\u00e3o foram destacadas as atividades desenvolvidas pela Diretoria [\u2026]<\/p>","protected":false},"author":18,"featured_media":45185,"comment_status":"closed","ping_status":"closed","sticky":false,"template":"","format":"standard","meta":{"footnotes":""},"categories":[13],"tags":[],"destacado":[],"class_list":["post-45184","post","type-post","status-publish","format-standard","has-post-thumbnail","hentry","category-noticias"],"_links":{"self":[{"href":"https:\/\/jid.org\/pt\/wp-json\/wp\/v2\/posts\/45184","targetHints":{"allow":["GET"]}}],"collection":[{"href":"https:\/\/jid.org\/pt\/wp-json\/wp\/v2\/posts"}],"about":[{"href":"https:\/\/jid.org\/pt\/wp-json\/wp\/v2\/types\/post"}],"author":[{"embeddable":true,"href":"https:\/\/jid.org\/pt\/wp-json\/wp\/v2\/users\/18"}],"replies":[{"embeddable":true,"href":"https:\/\/jid.org\/pt\/wp-json\/wp\/v2\/comments?post=45184"}],"version-history":[{"count":1,"href":"https:\/\/jid.org\/pt\/wp-json\/wp\/v2\/posts\/45184\/revisions"}],"predecessor-version":[{"id":45187,"href":"https:\/\/jid.org\/pt\/wp-json\/wp\/v2\/posts\/45184\/revisions\/45187"}],"wp:featuredmedia":[{"embeddable":true,"href":"https:\/\/jid.org\/pt\/wp-json\/wp\/v2\/media\/45185"}],"wp:attachment":[{"href":"https:\/\/jid.org\/pt\/wp-json\/wp\/v2\/media?parent=45184"}],"wp:term":[{"taxonomy":"category","embeddable":true,"href":"https:\/\/jid.org\/pt\/wp-json\/wp\/v2\/categories?post=45184"},{"taxonomy":"post_tag","embeddable":true,"href":"https:\/\/jid.org\/pt\/wp-json\/wp\/v2\/tags?post=45184"},{"taxonomy":"destacado","embeddable":true,"href":"https:\/\/jid.org\/pt\/wp-json\/wp\/v2\/destacado?post=45184"}],"curies":[{"name":"wp","href":"https:\/\/api.w.org\/{rel}","templated":true}]}}