{"id":45247,"date":"2025-01-27T11:02:31","date_gmt":"2025-01-27T16:02:31","guid":{"rendered":"https:\/\/jid.org\/?p=45247"},"modified":"2025-01-27T11:02:32","modified_gmt":"2025-01-27T16:02:32","slug":"visita-a-la-casa-del-soldado-de-la-excma-sra-ana-irene-delgado-embajadora-representante-permanente-de-panama-ante-la-oea","status":"publish","type":"post","link":"https:\/\/jid.org\/pt\/visita-a-la-casa-del-soldado-de-la-excma-sra-ana-irene-delgado-embajadora-representante-permanente-de-panama-ante-la-oea\/","title":{"rendered":"Visita \u00e0 \u201cCasa do Soldado\u201d da Excma. Sra. Ana Irene Delgado, Embaixadora, Representante Permanente do Panam\u00e1 junto \u00e0 OEA"},"content":{"rendered":"<p>Em 22 de janeiro de 2025, o Exmo. A Senhora Ana Irene Delgado, Embaixadora e Representante Permanente do Panam\u00e1 junto \u00e0 Organiza\u00e7\u00e3o dos Estados Americanos (OEA), visitou a Casa del Soldado, sede da JID, onde foi recebida pelo Presidente do Conselho de Delegados e pelo Diretor Geral da a Secretaria.<\/p>\n\n\n\n<p>A reuni\u00e3o come\u00e7ou com as palavras de boas-vindas do Presidente do Conselho de Delegados e do Diretor Geral da JID, que destacaram a import\u00e2ncia da participa\u00e7\u00e3o ativa do Panam\u00e1 na JID e seu compromisso com os princ\u00edpios da coopera\u00e7\u00e3o hemisf\u00e9rica. Da mesma forma, destacaram a natureza multilateral da organiza\u00e7\u00e3o como um f\u00f3rum fundamental para o di\u00e1logo e a coordena\u00e7\u00e3o em mat\u00e9ria de seguran\u00e7a e defesa no hemisf\u00e9rio.<\/p>\n\n\n\n<figure class=\"wp-block-image size-full\"><img fetchpriority=\"high\" decoding=\"async\" width=\"800\" height=\"445\" src=\"https:\/\/jid.org\/wp-content\/uploads\/2025\/01\/Foto-2.jpg\" alt=\"\" class=\"wp-image-45249\" srcset=\"https:\/\/jid.org\/wp-content\/uploads\/2025\/01\/Foto-2.jpg 800w, https:\/\/jid.org\/wp-content\/uploads\/2025\/01\/Foto-2-300x167.jpg 300w, https:\/\/jid.org\/wp-content\/uploads\/2025\/01\/Foto-2-768x427.jpg 768w, https:\/\/jid.org\/wp-content\/uploads\/2025\/01\/Foto-2-18x10.jpg 18w\" sizes=\"(max-width: 800px) 100vw, 800px\" \/><\/figure>\n\n\n\n<p>Durante a visita, foi formalmente apresentada a Major da Pol\u00edcia Nacional, Amilys Rodr\u00edguez, Delegada Titular do Panam\u00e1 junto \u00e0 JID. Os anfitri\u00f5es destacaram o valor que a experi\u00eancia e o profissionalismo do Delegado representam no fortalecimento das rela\u00e7\u00f5es de coopera\u00e7\u00e3o entre o Panam\u00e1 e os demais Estados membros.<\/p>\n\n\n\n<p>No \u00e2mbito da reuni\u00e3o, foi reconhecido o excelente trabalho do pessoal panamenho que faz parte da JID, tanto nas \u00e1reas t\u00e9cnicas como operacionais. Foi destacada sua contribui\u00e7\u00e3o para a gest\u00e3o dos desafios hemisf\u00e9ricos, em particular aqueles relacionados com a defesa e seguran\u00e7a regional. O Panam\u00e1 estabeleceu-se como um ator-chave dentro da estrutura do BID, proporcionando experi\u00eancia em \u00e1reas priorit\u00e1rias como seguran\u00e7a p\u00fablica e gest\u00e3o de riscos.<\/p>\n\n\n\n<figure class=\"wp-block-image size-full\"><img decoding=\"async\" width=\"800\" height=\"445\" src=\"https:\/\/jid.org\/wp-content\/uploads\/2025\/01\/Foto-3.jpg\" alt=\"\" class=\"wp-image-45250\" srcset=\"https:\/\/jid.org\/wp-content\/uploads\/2025\/01\/Foto-3.jpg 800w, https:\/\/jid.org\/wp-content\/uploads\/2025\/01\/Foto-3-300x167.jpg 300w, https:\/\/jid.org\/wp-content\/uploads\/2025\/01\/Foto-3-768x427.jpg 768w, https:\/\/jid.org\/wp-content\/uploads\/2025\/01\/Foto-3-18x10.jpg 18w\" sizes=\"(max-width: 800px) 100vw, 800px\" \/><\/figure>\n\n\n\n<p>Durante a apresenta\u00e7\u00e3o, foi apresentada uma vis\u00e3o abrangente das atividades realizadas pela JID em seu papel de \u00f3rg\u00e3o t\u00e9cnico, consultivo e educacional da OEA em quest\u00f5es de seguran\u00e7a e defesa. Foram destacadas iniciativas relacionadas com o refor\u00e7o das capacidades de ciberseguran\u00e7a, resposta a desastres naturais, combate ao crime organizado transnacional e promo\u00e7\u00e3o da interoperabilidade entre as For\u00e7as Armadas do continente. Al\u00e9m disso, foi destacada a fun\u00e7\u00e3o educativa da JID por meio do Col\u00e9gio Interamericano de Defesa e sua contribui\u00e7\u00e3o para a forma\u00e7\u00e3o de l\u00edderes estrat\u00e9gicos na regi\u00e3o.<\/p>\n\n\n\n<figure class=\"wp-block-image size-full\"><img decoding=\"async\" width=\"800\" height=\"445\" src=\"https:\/\/jid.org\/wp-content\/uploads\/2025\/01\/Foto-4.jpg\" alt=\"\" class=\"wp-image-45251\" srcset=\"https:\/\/jid.org\/wp-content\/uploads\/2025\/01\/Foto-4.jpg 800w, https:\/\/jid.org\/wp-content\/uploads\/2025\/01\/Foto-4-300x167.jpg 300w, https:\/\/jid.org\/wp-content\/uploads\/2025\/01\/Foto-4-768x427.jpg 768w, https:\/\/jid.org\/wp-content\/uploads\/2025\/01\/Foto-4-18x10.jpg 18w\" sizes=\"(max-width: 800px) 100vw, 800px\" \/><\/figure>\n\n\n\n<p>Como parte das atividades protocolares, o Exmo. A Senhora Ana Irene Delgado assinou o livro de ilustres visitantes da JID, deixando registro de sua visita e fortalecendo os la\u00e7os entre o Panam\u00e1 e a Junta Interamericana de Defesa. Este ato simb\u00f3lico sublinhou a relev\u00e2ncia da coopera\u00e7\u00e3o entre os Estados-Membros. <\/p>\n\n\n\n<p>Finalmente, a visita reafirmou o compromisso do Panam\u00e1 com os princ\u00edpios e objetivos da OEA, consolidando o seu papel como parceiro estrat\u00e9gico na promo\u00e7\u00e3o da seguran\u00e7a e da paz no hemisf\u00e9rio.<\/p>","protected":false},"excerpt":{"rendered":"<p>Em 22 de janeiro de 2025, o Hon. A Sra. Ana Irene Delgado, Embaixadora e Representante Permanente do Panam\u00e1 junto \u00e0 Organiza\u00e7\u00e3o dos Estados Americanos (OEA), visitou a Casa do Soldado, sede da JID, onde foi recebida pelo Presidente do Conselho de Delegados e pelo Diretor Geral da Secretaria. [\u2026]<\/p>","protected":false},"author":18,"featured_media":45248,"comment_status":"closed","ping_status":"closed","sticky":false,"template":"","format":"standard","meta":{"footnotes":""},"categories":[13],"tags":[],"destacado":[361],"class_list":["post-45247","post","type-post","status-publish","format-standard","has-post-thumbnail","hentry","category-noticias","destacado-si"],"_links":{"self":[{"href":"https:\/\/jid.org\/pt\/wp-json\/wp\/v2\/posts\/45247","targetHints":{"allow":["GET"]}}],"collection":[{"href":"https:\/\/jid.org\/pt\/wp-json\/wp\/v2\/posts"}],"about":[{"href":"https:\/\/jid.org\/pt\/wp-json\/wp\/v2\/types\/post"}],"author":[{"embeddable":true,"href":"https:\/\/jid.org\/pt\/wp-json\/wp\/v2\/users\/18"}],"replies":[{"embeddable":true,"href":"https:\/\/jid.org\/pt\/wp-json\/wp\/v2\/comments?post=45247"}],"version-history":[{"count":1,"href":"https:\/\/jid.org\/pt\/wp-json\/wp\/v2\/posts\/45247\/revisions"}],"predecessor-version":[{"id":45252,"href":"https:\/\/jid.org\/pt\/wp-json\/wp\/v2\/posts\/45247\/revisions\/45252"}],"wp:featuredmedia":[{"embeddable":true,"href":"https:\/\/jid.org\/pt\/wp-json\/wp\/v2\/media\/45248"}],"wp:attachment":[{"href":"https:\/\/jid.org\/pt\/wp-json\/wp\/v2\/media?parent=45247"}],"wp:term":[{"taxonomy":"category","embeddable":true,"href":"https:\/\/jid.org\/pt\/wp-json\/wp\/v2\/categories?post=45247"},{"taxonomy":"post_tag","embeddable":true,"href":"https:\/\/jid.org\/pt\/wp-json\/wp\/v2\/tags?post=45247"},{"taxonomy":"destacado","embeddable":true,"href":"https:\/\/jid.org\/pt\/wp-json\/wp\/v2\/destacado?post=45247"}],"curies":[{"name":"wp","href":"https:\/\/api.w.org\/{rel}","templated":true}]}}