{"id":45330,"date":"2025-03-07T11:05:35","date_gmt":"2025-03-07T16:05:35","guid":{"rendered":"https:\/\/jid.org\/?p=45330"},"modified":"2025-03-07T11:29:30","modified_gmt":"2025-03-07T16:29:30","slug":"realizacion-de-la-xi-reunion-del-foro-sobre-medidas-de-fomento-de-la-confianza-y-la-seguridad-mfcs","status":"publish","type":"post","link":"https:\/\/jid.org\/pt\/realizacion-de-la-xi-reunion-del-foro-sobre-medidas-de-fomento-de-la-confianza-y-la-seguridad-mfcs\/","title":{"rendered":"CONDU\u00c7\u00c3O DA XI REUNI\u00c3O DO F\u00d3RUM SOBRE MEDIDAS DE FORTALECIMENTO DA CONFIAN\u00c7A E DA SEGURAN\u00c7A (CBBM)"},"content":{"rendered":"<p>No dia 4 de mar\u00e7o, foi realizada a XI REUNI\u00c3O DO F\u00d3RUM SOBRE MFCS, na hist\u00f3rica Casa do Soldado, sede da Junta Interamericana de Defesa.<\/p>\n\n\n\n<figure class=\"wp-block-image size-full\"><img fetchpriority=\"high\" decoding=\"async\" width=\"347\" height=\"445\" src=\"https:\/\/jid.org\/wp-content\/uploads\/2025\/03\/Foto-2-2.jpg\" alt=\"\" class=\"wp-image-45339\" srcset=\"https:\/\/jid.org\/wp-content\/uploads\/2025\/03\/Foto-2-2.jpg 347w, https:\/\/jid.org\/wp-content\/uploads\/2025\/03\/Foto-2-2-234x300.jpg 234w, https:\/\/jid.org\/wp-content\/uploads\/2025\/03\/Foto-2-2-9x12.jpg 9w\" sizes=\"(max-width: 347px) 100vw, 347px\" \/><\/figure>\n\n\n\n<p>A organiza\u00e7\u00e3o deste evento foi liderada pela Presidenta do XI F\u00f3rum sobre Medidas de Fortalecimento da Confian\u00e7a e Seguran\u00e7a (MFCS), Embaixadora Mayerlyn Cordero D\u00edaz, Representante Permanente da Rep\u00fablica Dominicana junto \u00e0 OEA, sendo esta reuni\u00e3o um espa\u00e7o fundamental para fortalecer a coopera\u00e7\u00e3o e o di\u00e1logo sobre seguran\u00e7a hemisf\u00e9rica.<\/p>\n\n\n\n<figure class=\"wp-block-image size-full is-resized\"><img decoding=\"async\" width=\"800\" height=\"445\" src=\"https:\/\/jid.org\/wp-content\/uploads\/2025\/03\/Foto-3-1.jpg\" alt=\"\" class=\"wp-image-45332\" style=\"width:839px;height:auto\" srcset=\"https:\/\/jid.org\/wp-content\/uploads\/2025\/03\/Foto-3-1.jpg 800w, https:\/\/jid.org\/wp-content\/uploads\/2025\/03\/Foto-3-1-300x167.jpg 300w, https:\/\/jid.org\/wp-content\/uploads\/2025\/03\/Foto-3-1-768x427.jpg 768w, https:\/\/jid.org\/wp-content\/uploads\/2025\/03\/Foto-3-1-18x10.jpg 18w\" sizes=\"(max-width: 800px) 100vw, 800px\" \/><\/figure>\n\n\n\n<p>O evento come\u00e7ou com discursos de alto n\u00edvel, incluindo a interven\u00e7\u00e3o da Presidente do Comit\u00ea de Seguran\u00e7a Hemisf\u00e9rica, Jacinth Henry-Martin, Representante Permanente de S\u00e3o Crist\u00f3v\u00e3o e Nevis junto \u00e0 OEA; Major-General Marco Antonio Alvarez Reyes, Presidente do Conselho de Delegados da Junta Interamericana de Defesa (JID); e o Secret\u00e1rio de Seguran\u00e7a Multidimensional da OEA, Sr. Iv\u00e1n M\u00e1rques.<\/p>\n\n\n\n<p>Durante o dia, foram abordados diversos temas-chave na \u00e1rea de seguran\u00e7a regional, como o progresso na implementa\u00e7\u00e3o das MFCS, com uma apresenta\u00e7\u00e3o sobre a plataforma de relat\u00f3rios eletr\u00f4nicos da OEA pela Sra. Pier De Luca e pelo Sr. Juan Carlos Melgar, do Departamento de Seguran\u00e7a P\u00fablica da SSM. Al\u00e9m disso, foi realizado um exerc\u00edcio de reflex\u00e3o sobre o Estudo Comparativo entre as CSBMs da OEA e o Reposit\u00f3rio Global de CSBMs das Na\u00e7\u00f5es Unidas, liderado pelo Coronel da For\u00e7a A\u00e9rea Peruana Luis Tolmos Valdivia, oficial de liga\u00e7\u00e3o entre o BID e a OEA.<\/p>\n\n\n\n<p>Outro destaque do f\u00f3rum foi a discuss\u00e3o sobre poss\u00edveis novas \u00e1reas de desenvolvimento do MFCS. Nesse contexto, o Contra-Almirante Jo\u00e3o Batista Barbosa apresentou uma reflex\u00e3o sobre o setor de produtos de defesa. A necessidade de estabelecer o MFCS no campo das novas tecnologias tamb\u00e9m foi discutida, com interven\u00e7\u00f5es do Embaixador Claudio Peguero e do Sr. Isaac Morales Tenorio, que analisaram os desafios em seguran\u00e7a cibern\u00e9tica e privacidade de dados na regi\u00e3o.<\/p>\n\n\n\n<p>O evento foi encerrado com as palavras de encerramento do Tenente-General Fl\u00e1vio Luiz de Oliveira Pinto, Diretor-Geral da Secretaria da JID, e da Embaixadora Mayerlyn Cordero D\u00edaz, Representante Permanente da Rep\u00fablica Dominicana junto \u00e0 OEA.<\/p>\n\n\n\n<p>Este XI F\u00f3rum reafirma o compromisso dos Estados-membros da OEA com a constru\u00e7\u00e3o da confian\u00e7a e da seguran\u00e7a na regi\u00e3o, promovendo o multilateralismo e a coopera\u00e7\u00e3o como pilares<\/p>","protected":false},"excerpt":{"rendered":"<p>No dia 4 de mar\u00e7o, foi realizada a XI REUNI\u00c3O DO F\u00d3RUM SOBRE MFCS na hist\u00f3rica Casa do Soldado, sede da Junta Interamericana de Defesa. Este evento foi organizado pela Presidente do XI F\u00f3rum sobre Medidas de Fortalecimento da Confian\u00e7a e Seguran\u00e7a (CFBM), Embaixadora Mayerlyn Cordero [\u2026]<\/p>","protected":false},"author":18,"featured_media":45333,"comment_status":"closed","ping_status":"closed","sticky":false,"template":"","format":"standard","meta":{"footnotes":""},"categories":[13],"tags":[],"destacado":[],"class_list":["post-45330","post","type-post","status-publish","format-standard","has-post-thumbnail","hentry","category-noticias"],"_links":{"self":[{"href":"https:\/\/jid.org\/pt\/wp-json\/wp\/v2\/posts\/45330","targetHints":{"allow":["GET"]}}],"collection":[{"href":"https:\/\/jid.org\/pt\/wp-json\/wp\/v2\/posts"}],"about":[{"href":"https:\/\/jid.org\/pt\/wp-json\/wp\/v2\/types\/post"}],"author":[{"embeddable":true,"href":"https:\/\/jid.org\/pt\/wp-json\/wp\/v2\/users\/18"}],"replies":[{"embeddable":true,"href":"https:\/\/jid.org\/pt\/wp-json\/wp\/v2\/comments?post=45330"}],"version-history":[{"count":3,"href":"https:\/\/jid.org\/pt\/wp-json\/wp\/v2\/posts\/45330\/revisions"}],"predecessor-version":[{"id":45340,"href":"https:\/\/jid.org\/pt\/wp-json\/wp\/v2\/posts\/45330\/revisions\/45340"}],"wp:featuredmedia":[{"embeddable":true,"href":"https:\/\/jid.org\/pt\/wp-json\/wp\/v2\/media\/45333"}],"wp:attachment":[{"href":"https:\/\/jid.org\/pt\/wp-json\/wp\/v2\/media?parent=45330"}],"wp:term":[{"taxonomy":"category","embeddable":true,"href":"https:\/\/jid.org\/pt\/wp-json\/wp\/v2\/categories?post=45330"},{"taxonomy":"post_tag","embeddable":true,"href":"https:\/\/jid.org\/pt\/wp-json\/wp\/v2\/tags?post=45330"},{"taxonomy":"destacado","embeddable":true,"href":"https:\/\/jid.org\/pt\/wp-json\/wp\/v2\/destacado?post=45330"}],"curies":[{"name":"wp","href":"https:\/\/api.w.org\/{rel}","templated":true}]}}