{"id":45411,"date":"2025-04-07T11:31:48","date_gmt":"2025-04-07T15:31:48","guid":{"rendered":"https:\/\/jid.org\/?p=45411"},"modified":"2025-04-07T11:32:51","modified_gmt":"2025-04-07T15:32:51","slug":"reunion-extraordinaria-del-consejo-de-delegados-002-2025-para-conmemorar-el-83-aniversario-de-la-iii-reunion-de-consulta-de-ministros-de-relaciones-exteriores-de-las-republicas-de-las-americas","status":"publish","type":"post","link":"https:\/\/jid.org\/pt\/reunion-extraordinaria-del-consejo-de-delegados-002-2025-para-conmemorar-el-83-aniversario-de-la-iii-reunion-de-consulta-de-ministros-de-relaciones-exteriores-de-las-republicas-de-las-americas\/","title":{"rendered":"Reuni\u00e3o Extraordin\u00e1ria do Conselho de Delegados 002\/2025, para comemorar o 83\u00ba Anivers\u00e1rio da Terceira Reuni\u00e3o de Consulta dos Ministros das Rela\u00e7\u00f5es Exteriores das Rep\u00fablicas das Am\u00e9ricas, realizada em 1942, na cidade do Rio de Janeiro, Brasil."},"content":{"rendered":"<p>Em 2 de abril de 2025, ocorreu no Rio de Janeiro, Brasil, a Reuni\u00e3o Extraordin\u00e1ria 002\/2025 do Conselho de Delegados do BID. Este evento foi de grande import\u00e2ncia para a hist\u00f3ria da seguran\u00e7a e coopera\u00e7\u00e3o hemisf\u00e9rica. Estiveram presentes Sua Excel\u00eancia a Embaixadora Jacinth Henry Martin, Presidente do Comit\u00ea de Seguran\u00e7a Hemisf\u00e9rica da OEA e Representante Permanente de S\u00e3o Crist\u00f3v\u00e3o e Nevis junto \u00e0 OEA, juntamente com a Lideran\u00e7a do BID e delegados credenciados junto \u00e0 OEA.<\/p>\n\n\n\n<p>Este evento comemorou <a>o 83\u00ba anivers\u00e1rio da Terceira Reuni\u00e3o de Consulta dos Ministros das Rela\u00e7\u00f5es Exteriores das Rep\u00fablicas das Am\u00e9ricas, realizada em 1942 na mesma cidade, <\/a>onde, tendo em vista o avan\u00e7o da Segunda Guerra Mundial e a amea\u00e7a que representava para o continente, foi aprovada a cria\u00e7\u00e3o do BID.<\/p>\n\n\n\n<p>Tamb\u00e9m foi prestada homenagem ao 80\u00ba anivers\u00e1rio da Batalha de Berlim, um confronto crucial que marcou o fim da Segunda Guerra Mundial. Este conflito redefiniu a ordem internacional e refor\u00e7ou a necessidade de mecanismos cooperativos no hemisf\u00e9rio para garantir a paz e a estabilidade.<\/p>\n\n\n\n<p>Como parte da comemora\u00e7\u00e3o, a Medalha do BID foi concedida a organiza\u00e7\u00f5es, institui\u00e7\u00f5es e indiv\u00edduos que fizeram contribui\u00e7\u00f5es extraordin\u00e1rias para o fortalecimento da seguran\u00e7a, coopera\u00e7\u00e3o e defesa no hemisf\u00e9rio, reconhecendo seu comprometimento com os princ\u00edpios que inspiraram a cria\u00e7\u00e3o do BID.<\/p>\n\n\n\n<p>Ao longo do evento, a import\u00e2ncia da coopera\u00e7\u00e3o regional, sub-regional e multilateral foi reafirmada, destacando a exist\u00eancia cont\u00ednua do esp\u00edrito de unidade que impulsionou a cria\u00e7\u00e3o do BID em 1942. Foi enfatizado que, em um mundo em constante evolu\u00e7\u00e3o, a integra\u00e7\u00e3o de conhecimento, assessoria t\u00e9cnica e educa\u00e7\u00e3o em seguran\u00e7a continuam sendo ferramentas fundamentais para enfrentar os desafios comuns que amea\u00e7am a estabilidade do hemisf\u00e9rio.<\/p>\n\n\n\n<p>Neste anivers\u00e1rio, o BID n\u00e3o apenas relembra sua hist\u00f3ria, mas tamb\u00e9m projeta sua vis\u00e3o para o futuro, reafirmando seu compromisso com a paz, a seguran\u00e7a e a estabilidade nas Am\u00e9ricas, em conson\u00e2ncia com os valores consagrados na Declara\u00e7\u00e3o de Seguran\u00e7a das Am\u00e9ricas.<\/p>\n\n\n\n<figure class=\"wp-block-image size-full\"><img fetchpriority=\"high\" decoding=\"async\" width=\"799\" height=\"445\" src=\"https:\/\/jid.org\/wp-content\/uploads\/2025\/04\/FOTO-2-REUNION-EXTRAORDINARIA.jpg\" alt=\"\" class=\"wp-image-45415\" srcset=\"https:\/\/jid.org\/wp-content\/uploads\/2025\/04\/FOTO-2-REUNION-EXTRAORDINARIA.jpg 799w, https:\/\/jid.org\/wp-content\/uploads\/2025\/04\/FOTO-2-REUNION-EXTRAORDINARIA-300x167.jpg 300w, https:\/\/jid.org\/wp-content\/uploads\/2025\/04\/FOTO-2-REUNION-EXTRAORDINARIA-768x428.jpg 768w, https:\/\/jid.org\/wp-content\/uploads\/2025\/04\/FOTO-2-REUNION-EXTRAORDINARIA-18x10.jpg 18w\" sizes=\"(max-width: 799px) 100vw, 799px\" \/><\/figure>","protected":false},"excerpt":{"rendered":"<p>Em 2 de abril de 2025, ocorreu no Rio de Janeiro, Brasil, a Reuni\u00e3o Extraordin\u00e1ria 002\/2025 do Conselho de Delegados do BID. Este evento foi de grande import\u00e2ncia na hist\u00f3ria da seguran\u00e7a e coopera\u00e7\u00e3o hemisf\u00e9rica. Embaixador Jacinth Henry Martin, [\u2026]<\/p>","protected":false},"author":18,"featured_media":45414,"comment_status":"closed","ping_status":"closed","sticky":false,"template":"","format":"standard","meta":{"footnotes":""},"categories":[13],"tags":[],"destacado":[361],"class_list":["post-45411","post","type-post","status-publish","format-standard","has-post-thumbnail","hentry","category-noticias","destacado-si"],"_links":{"self":[{"href":"https:\/\/jid.org\/pt\/wp-json\/wp\/v2\/posts\/45411","targetHints":{"allow":["GET"]}}],"collection":[{"href":"https:\/\/jid.org\/pt\/wp-json\/wp\/v2\/posts"}],"about":[{"href":"https:\/\/jid.org\/pt\/wp-json\/wp\/v2\/types\/post"}],"author":[{"embeddable":true,"href":"https:\/\/jid.org\/pt\/wp-json\/wp\/v2\/users\/18"}],"replies":[{"embeddable":true,"href":"https:\/\/jid.org\/pt\/wp-json\/wp\/v2\/comments?post=45411"}],"version-history":[{"count":1,"href":"https:\/\/jid.org\/pt\/wp-json\/wp\/v2\/posts\/45411\/revisions"}],"predecessor-version":[{"id":45416,"href":"https:\/\/jid.org\/pt\/wp-json\/wp\/v2\/posts\/45411\/revisions\/45416"}],"wp:featuredmedia":[{"embeddable":true,"href":"https:\/\/jid.org\/pt\/wp-json\/wp\/v2\/media\/45414"}],"wp:attachment":[{"href":"https:\/\/jid.org\/pt\/wp-json\/wp\/v2\/media?parent=45411"}],"wp:term":[{"taxonomy":"category","embeddable":true,"href":"https:\/\/jid.org\/pt\/wp-json\/wp\/v2\/categories?post=45411"},{"taxonomy":"post_tag","embeddable":true,"href":"https:\/\/jid.org\/pt\/wp-json\/wp\/v2\/tags?post=45411"},{"taxonomy":"destacado","embeddable":true,"href":"https:\/\/jid.org\/pt\/wp-json\/wp\/v2\/destacado?post=45411"}],"curies":[{"name":"wp","href":"https:\/\/api.w.org\/{rel}","templated":true}]}}