{"id":45422,"date":"2025-04-07T14:01:49","date_gmt":"2025-04-07T18:01:49","guid":{"rendered":"https:\/\/jid.org\/?p=45422"},"modified":"2025-04-09T10:50:36","modified_gmt":"2025-04-09T14:50:36","slug":"celebracion-de-los-83-anos-de-creacion-de-la-junta-interamericana-de-defensa","status":"publish","type":"post","link":"https:\/\/jid.org\/pt\/celebracion-de-los-83-anos-de-creacion-de-la-junta-interamericana-de-defensa\/","title":{"rendered":"COMPARTILHE PARA O DIA DO JID 01-04-2025"},"content":{"rendered":"<p>No dia 1\u00ba de abril, foi realizada a cerim\u00f4nia comemorativa do 83\u00ba anivers\u00e1rio da funda\u00e7\u00e3o da Junta Interamericana de Defesa. Todos os militares e civis que servem nesta organiza\u00e7\u00e3o internacional participaram. A cerim\u00f4nia foi presidida pelo Vice-Presidente do Conselho de Delegados, representando a lideran\u00e7a do Conselho.<\/p>\n\n\n\n<figure class=\"wp-block-gallery has-nested-images columns-default is-cropped wp-block-gallery-1 is-layout-flex wp-block-gallery-is-layout-flex\"><\/figure>\n\n\n\n<figure class=\"wp-block-gallery has-nested-images columns-default is-cropped wp-block-gallery-2 is-layout-flex wp-block-gallery-is-layout-flex\">\n<figure class=\"wp-block-image size-large\"><img fetchpriority=\"high\" decoding=\"async\" width=\"1024\" height=\"683\" data-id=\"45424\" src=\"https:\/\/jid.org\/wp-content\/uploads\/2025\/04\/IMG_1593-1024x683.jpg\" alt=\"\" class=\"wp-image-45424\" srcset=\"https:\/\/jid.org\/wp-content\/uploads\/2025\/04\/IMG_1593-1024x683.jpg 1024w, https:\/\/jid.org\/wp-content\/uploads\/2025\/04\/IMG_1593-300x200.jpg 300w, https:\/\/jid.org\/wp-content\/uploads\/2025\/04\/IMG_1593-768x512.jpg 768w, https:\/\/jid.org\/wp-content\/uploads\/2025\/04\/IMG_1593-1536x1024.jpg 1536w, https:\/\/jid.org\/wp-content\/uploads\/2025\/04\/IMG_1593-18x12.jpg 18w, https:\/\/jid.org\/wp-content\/uploads\/2025\/04\/IMG_1593.jpg 1920w\" sizes=\"(max-width: 1024px) 100vw, 1024px\" \/><\/figure>\n<\/figure>","protected":false},"excerpt":{"rendered":"<p>No dia 1\u00ba de abril, ocorreu a cerim\u00f4nia comemorativa do 83\u00ba anivers\u00e1rio da funda\u00e7\u00e3o da Junta Interamericana de Defesa. Todo o pessoal militar e civil servindo nesta organiza\u00e7\u00e3o internacional participou. A cerim\u00f4nia foi presidida pelo Vice-Presidente do Conselho de Delegados, representando a lideran\u00e7a do [\u2026]<\/p>","protected":false},"author":18,"featured_media":45429,"comment_status":"closed","ping_status":"closed","sticky":false,"template":"","format":"standard","meta":{"footnotes":""},"categories":[13],"tags":[],"destacado":[],"class_list":["post-45422","post","type-post","status-publish","format-standard","has-post-thumbnail","hentry","category-noticias"],"_links":{"self":[{"href":"https:\/\/jid.org\/pt\/wp-json\/wp\/v2\/posts\/45422","targetHints":{"allow":["GET"]}}],"collection":[{"href":"https:\/\/jid.org\/pt\/wp-json\/wp\/v2\/posts"}],"about":[{"href":"https:\/\/jid.org\/pt\/wp-json\/wp\/v2\/types\/post"}],"author":[{"embeddable":true,"href":"https:\/\/jid.org\/pt\/wp-json\/wp\/v2\/users\/18"}],"replies":[{"embeddable":true,"href":"https:\/\/jid.org\/pt\/wp-json\/wp\/v2\/comments?post=45422"}],"version-history":[{"count":3,"href":"https:\/\/jid.org\/pt\/wp-json\/wp\/v2\/posts\/45422\/revisions"}],"predecessor-version":[{"id":45443,"href":"https:\/\/jid.org\/pt\/wp-json\/wp\/v2\/posts\/45422\/revisions\/45443"}],"wp:featuredmedia":[{"embeddable":true,"href":"https:\/\/jid.org\/pt\/wp-json\/wp\/v2\/media\/45429"}],"wp:attachment":[{"href":"https:\/\/jid.org\/pt\/wp-json\/wp\/v2\/media?parent=45422"}],"wp:term":[{"taxonomy":"category","embeddable":true,"href":"https:\/\/jid.org\/pt\/wp-json\/wp\/v2\/categories?post=45422"},{"taxonomy":"post_tag","embeddable":true,"href":"https:\/\/jid.org\/pt\/wp-json\/wp\/v2\/tags?post=45422"},{"taxonomy":"destacado","embeddable":true,"href":"https:\/\/jid.org\/pt\/wp-json\/wp\/v2\/destacado?post=45422"}],"curies":[{"name":"wp","href":"https:\/\/api.w.org\/{rel}","templated":true}]}}