{"id":45662,"date":"2025-07-30T09:10:15","date_gmt":"2025-07-30T13:10:15","guid":{"rendered":"https:\/\/jid.org\/?p=45662"},"modified":"2025-07-30T09:10:15","modified_gmt":"2025-07-30T13:10:15","slug":"jid-en-mispa-viii-en-republica-dominicana","status":"publish","type":"post","link":"https:\/\/jid.org\/pt\/jid-en-mispa-viii-en-republica-dominicana\/","title":{"rendered":"JID na MISPA-VIII na Rep\u00fablica Dominicana"},"content":{"rendered":"<p>A Junta Interamericana de Defesa est\u00e1 participando ativamente da MISPA-VIII na Rep\u00fablica Dominicana.<\/p>\n\n\n\n<p>A Junta Interamericana de Defesa, como convidada da Secretaria-Geral da Organiza\u00e7\u00e3o dos Estados Americanos, participou da Oitava Reuni\u00e3o de Ministros em Mat\u00e9ria de Seguran\u00e7a P\u00fablica nas Am\u00e9ricas (MISPA-VIII), realizada nos dias 16 e 17 de julho em Santiago de los Caballeros, Rep\u00fablica Dominicana.<\/p>\n\n\n\n<p>Durante o evento, o BID participou do painel &quot;Desafios do Cibercrime, Capacidades de A\u00e7\u00e3o Penal e Interoperabilidade&quot;, onde apresentou sua abordagem estrat\u00e9gica baseada na coopera\u00e7\u00e3o internacional e na resili\u00eancia cibern\u00e9tica. Em seu discurso, enfatizou a import\u00e2ncia da constru\u00e7\u00e3o de marcos regulat\u00f3rios comuns e do fortalecimento da interoperabilidade entre os atores civis, militares e policiais do hemisf\u00e9rio.<\/p>\n\n\n\n<p>Ele tamb\u00e9m destacou o papel do BID na promo\u00e7\u00e3o da integra\u00e7\u00e3o regional por meio de suas linhas de a\u00e7\u00e3o, produtos t\u00e9cnicos e atividades disponibilizadas aos Estados-Membros para apoiar suas capacidades de seguran\u00e7a cibern\u00e9tica e defesa. A delega\u00e7\u00e3o, liderada pelo General Eduardo Villegas, Vice-Presidente do Conselho de Delegados, juntamente com o Coronel Mario Rivas, representante do BID junto \u00e0 OEA, e o Coronel Christopher Carson, Diretor Adjunto de Estudos do Col\u00e9gio Interamericano de Defesa, tamb\u00e9m manteve uma reuni\u00e3o bilateral com a Ministra do Interior e Pol\u00edcia, Sra. Faride Raful, a quem foi apresentada a proposta de realizar o Exerc\u00edcio de Resili\u00eancia Cibern\u00e9tica, organizado pelo BID, na Rep\u00fablica Dominicana. A Ministra manifestou seu interesse e deu instru\u00e7\u00f5es para iniciar a coordena\u00e7\u00e3o necess\u00e1ria. Como sinal de reconhecimento, o BID lhe entregou uma placa de agradecimento por seu papel como anfitri\u00e3 do evento ministerial.<\/p>\n\n\n\n<p>O evento tamb\u00e9m contou com a participa\u00e7\u00e3o de destaque de ministros, embaixadores e autoridades de alto escal\u00e3o ligadas \u00e0s for\u00e7as de seguran\u00e7a p\u00fablica. Ao participar da MISPA-VIII, o BID reafirma seu compromisso com a seguran\u00e7a hemisf\u00e9rica, fortalecendo as capacidades t\u00e9cnicas em seguran\u00e7a cibern\u00e9tica e promovendo oportunidades de integra\u00e7\u00e3o regional para enfrentar os desafios compartilhados do s\u00e9culo XXI.<\/p>","protected":false},"excerpt":{"rendered":"<p>A Junta Interamericana de Defesa participa ativamente da MISPA-VIII na Rep\u00fablica Dominicana. A Junta Interamericana de Defesa, como convidada da Secretaria-Geral da Organiza\u00e7\u00e3o dos Estados Americanos, participou da Oitava Reuni\u00e3o de Ministros em Mat\u00e9ria de Seguran\u00e7a P\u00fablica nas Am\u00e9ricas (MISPA-VIII), realizada nos dias 16 e 17 de outubro [\u2026]<\/p>","protected":false},"author":31,"featured_media":45663,"comment_status":"closed","ping_status":"closed","sticky":false,"template":"","format":"standard","meta":{"footnotes":""},"categories":[13],"tags":[],"destacado":[361],"class_list":["post-45662","post","type-post","status-publish","format-standard","has-post-thumbnail","hentry","category-noticias","destacado-si"],"_links":{"self":[{"href":"https:\/\/jid.org\/pt\/wp-json\/wp\/v2\/posts\/45662","targetHints":{"allow":["GET"]}}],"collection":[{"href":"https:\/\/jid.org\/pt\/wp-json\/wp\/v2\/posts"}],"about":[{"href":"https:\/\/jid.org\/pt\/wp-json\/wp\/v2\/types\/post"}],"author":[{"embeddable":true,"href":"https:\/\/jid.org\/pt\/wp-json\/wp\/v2\/users\/31"}],"replies":[{"embeddable":true,"href":"https:\/\/jid.org\/pt\/wp-json\/wp\/v2\/comments?post=45662"}],"version-history":[{"count":1,"href":"https:\/\/jid.org\/pt\/wp-json\/wp\/v2\/posts\/45662\/revisions"}],"predecessor-version":[{"id":45666,"href":"https:\/\/jid.org\/pt\/wp-json\/wp\/v2\/posts\/45662\/revisions\/45666"}],"wp:featuredmedia":[{"embeddable":true,"href":"https:\/\/jid.org\/pt\/wp-json\/wp\/v2\/media\/45663"}],"wp:attachment":[{"href":"https:\/\/jid.org\/pt\/wp-json\/wp\/v2\/media?parent=45662"}],"wp:term":[{"taxonomy":"category","embeddable":true,"href":"https:\/\/jid.org\/pt\/wp-json\/wp\/v2\/categories?post=45662"},{"taxonomy":"post_tag","embeddable":true,"href":"https:\/\/jid.org\/pt\/wp-json\/wp\/v2\/tags?post=45662"},{"taxonomy":"destacado","embeddable":true,"href":"https:\/\/jid.org\/pt\/wp-json\/wp\/v2\/destacado?post=45662"}],"curies":[{"name":"wp","href":"https:\/\/api.w.org\/{rel}","templated":true}]}}