{"id":45817,"date":"2025-09-09T14:22:15","date_gmt":"2025-09-09T18:22:15","guid":{"rendered":"https:\/\/jid.org\/?p=45817"},"modified":"2025-09-10T10:25:44","modified_gmt":"2025-09-10T14:25:44","slug":"el-liderazgo-de-la-jid-se-reune-con-la-secretaria-general-adjunta-de-la-oea","status":"publish","type":"post","link":"https:\/\/jid.org\/pt\/el-liderazgo-de-la-jid-se-reune-con-la-secretaria-general-adjunta-de-la-oea\/","title":{"rendered":"A lideran\u00e7a do BID se re\u00fane com o Secret\u00e1rio-Geral Adjunto da OEA"},"content":{"rendered":"<p>Em um espa\u00e7o de di\u00e1logo institucional, a lideran\u00e7a da Junta Interamericana de Defesa (JID) se reuniu com a Embaixadora da Col\u00f4mbia, Laura Gil Savastano, Secret\u00e1ria-Geral Adjunta da Organiza\u00e7\u00e3o dos Estados Americanos (OEA).<\/p>\n\n\n\n<figure class=\"wp-block-image size-large\"><img fetchpriority=\"high\" decoding=\"async\" width=\"1024\" height=\"766\" src=\"https:\/\/jid.org\/wp-content\/uploads\/2025\/09\/p-1024x766.jpeg\" alt=\"\" class=\"wp-image-45818\" srcset=\"https:\/\/jid.org\/wp-content\/uploads\/2025\/09\/p-1024x766.jpeg 1024w, https:\/\/jid.org\/wp-content\/uploads\/2025\/09\/p-300x225.jpeg 300w, https:\/\/jid.org\/wp-content\/uploads\/2025\/09\/p-768x575.jpeg 768w, https:\/\/jid.org\/wp-content\/uploads\/2025\/09\/p-16x12.jpeg 16w, https:\/\/jid.org\/wp-content\/uploads\/2025\/09\/p.jpeg 1113w\" sizes=\"(max-width: 1024px) 100vw, 1024px\" \/><\/figure>\n\n\n\n<p>A delega\u00e7\u00e3o da JID foi composta pelo Tenente-General Reinaldo Salgado, do Ex\u00e9rcito Brasileiro, Diretor-Geral da Secretaria; pelo Major-General C\u00e9sar Macedo, da For\u00e7a A\u00e9rea Peruana, Presidente do Conselho de Delegados; e pelo Major-General Richard Heitkamp, do Ex\u00e9rcito dos Estados Unidos, Diretor do Col\u00e9gio Interamericano de Defesa (CID).<\/p>\n\n\n\n<figure class=\"wp-block-image size-large\"><img decoding=\"async\" width=\"1024\" height=\"768\" src=\"https:\/\/jid.org\/wp-content\/uploads\/2025\/09\/K-1024x768.jpeg\" alt=\"\" class=\"wp-image-45820\" srcset=\"https:\/\/jid.org\/wp-content\/uploads\/2025\/09\/K-1024x768.jpeg 1024w, https:\/\/jid.org\/wp-content\/uploads\/2025\/09\/K-300x225.jpeg 300w, https:\/\/jid.org\/wp-content\/uploads\/2025\/09\/K-768x576.jpeg 768w, https:\/\/jid.org\/wp-content\/uploads\/2025\/09\/K-1536x1152.jpeg 1536w, https:\/\/jid.org\/wp-content\/uploads\/2025\/09\/K-16x12.jpeg 16w, https:\/\/jid.org\/wp-content\/uploads\/2025\/09\/K.jpeg 1600w\" sizes=\"(max-width: 1024px) 100vw, 1024px\" \/><\/figure>\n\n\n\n<p>Durante a reuni\u00e3o, foram discutidas iniciativas de coopera\u00e7\u00e3o, e o Embaixador Gil recebeu uma vis\u00e3o geral do status atual do BID e dos projetos em andamento que visam fortalecer a coopera\u00e7\u00e3o internacional em benef\u00edcio dos Estados-membros da OEA.<\/p>\n\n\n\n<p>A Embaixadora Gil destacou seu interesse em aprofundar trabalhos conjuntos, como a participa\u00e7\u00e3o de mulheres em opera\u00e7\u00f5es militares e organiza\u00e7\u00f5es internacionais, bem como em \u00e1reas relacionadas \u00e0 ajuda humanit\u00e1ria, fluxos migrat\u00f3rios, seguran\u00e7a cibern\u00e9tica e seguran\u00e7a mar\u00edtima, entre outras linhas de a\u00e7\u00e3o promovidas pela JID para assessoria t\u00e9cnica, consultiva e educacional \u00e0 OEA.<\/p>\n\n\n\n<figure class=\"wp-block-image size-large\"><img decoding=\"async\" width=\"1024\" height=\"788\" src=\"https:\/\/jid.org\/wp-content\/uploads\/2025\/09\/m-1024x788.jpeg\" alt=\"\" class=\"wp-image-45821\" srcset=\"https:\/\/jid.org\/wp-content\/uploads\/2025\/09\/m-1024x788.jpeg 1024w, https:\/\/jid.org\/wp-content\/uploads\/2025\/09\/m-300x231.jpeg 300w, https:\/\/jid.org\/wp-content\/uploads\/2025\/09\/m-768x591.jpeg 768w, https:\/\/jid.org\/wp-content\/uploads\/2025\/09\/m-16x12.jpeg 16w, https:\/\/jid.org\/wp-content\/uploads\/2025\/09\/m.jpeg 1200w\" sizes=\"(max-width: 1024px) 100vw, 1024px\" \/><\/figure>\n\n\n\n<p>Da mesma forma, a lideran\u00e7a do BID destacou a import\u00e2ncia do IDC no campo educacional, enfatizando seu papel no desenvolvimento acad\u00eamico de civis e militares do hemisf\u00e9rio em quest\u00f5es relacionadas \u00e0 seguran\u00e7a e defesa.<\/p>\n\n\n\n<p>Tamb\u00e9m participaram da reuni\u00e3o o Coronel Mario Rivas, da For\u00e7a A\u00e9rea da Rep\u00fablica Dominicana, e o Coronel Luis Tolmos, da For\u00e7a A\u00e9rea Peruana, oficiais de liga\u00e7\u00e3o da JID junto \u00e0 OEA; o Coronel Petronio Segarra, do Ex\u00e9rcito Equatoriano, oficial de liga\u00e7\u00e3o da JID junto \u00e0 JID; e o Sr. Giovanni Snidle, assessor do Diretor da JID.<\/p>","protected":false},"excerpt":{"rendered":"<p>Em um espa\u00e7o de di\u00e1logo institucional, a lideran\u00e7a da Junta Interamericana de Defesa (JID) se reuniu com a Embaixadora da Col\u00f4mbia, Laura Gil Savastano, Secret\u00e1ria-Geral Adjunta da Organiza\u00e7\u00e3o dos Estados Americanos (OEA). A delega\u00e7\u00e3o da JID incluiu o Tenente-General Reinaldo Salgado, do Ex\u00e9rcito Brasileiro, Diretor do [\u2026]<\/p>","protected":false},"author":18,"featured_media":45819,"comment_status":"closed","ping_status":"closed","sticky":false,"template":"","format":"standard","meta":{"footnotes":""},"categories":[13],"tags":[],"destacado":[361],"class_list":["post-45817","post","type-post","status-publish","format-standard","has-post-thumbnail","hentry","category-noticias","destacado-si"],"_links":{"self":[{"href":"https:\/\/jid.org\/pt\/wp-json\/wp\/v2\/posts\/45817","targetHints":{"allow":["GET"]}}],"collection":[{"href":"https:\/\/jid.org\/pt\/wp-json\/wp\/v2\/posts"}],"about":[{"href":"https:\/\/jid.org\/pt\/wp-json\/wp\/v2\/types\/post"}],"author":[{"embeddable":true,"href":"https:\/\/jid.org\/pt\/wp-json\/wp\/v2\/users\/18"}],"replies":[{"embeddable":true,"href":"https:\/\/jid.org\/pt\/wp-json\/wp\/v2\/comments?post=45817"}],"version-history":[{"count":1,"href":"https:\/\/jid.org\/pt\/wp-json\/wp\/v2\/posts\/45817\/revisions"}],"predecessor-version":[{"id":45822,"href":"https:\/\/jid.org\/pt\/wp-json\/wp\/v2\/posts\/45817\/revisions\/45822"}],"wp:featuredmedia":[{"embeddable":true,"href":"https:\/\/jid.org\/pt\/wp-json\/wp\/v2\/media\/45819"}],"wp:attachment":[{"href":"https:\/\/jid.org\/pt\/wp-json\/wp\/v2\/media?parent=45817"}],"wp:term":[{"taxonomy":"category","embeddable":true,"href":"https:\/\/jid.org\/pt\/wp-json\/wp\/v2\/categories?post=45817"},{"taxonomy":"post_tag","embeddable":true,"href":"https:\/\/jid.org\/pt\/wp-json\/wp\/v2\/tags?post=45817"},{"taxonomy":"destacado","embeddable":true,"href":"https:\/\/jid.org\/pt\/wp-json\/wp\/v2\/destacado?post=45817"}],"curies":[{"name":"wp","href":"https:\/\/api.w.org\/{rel}","templated":true}]}}