{"id":45823,"date":"2025-09-11T10:04:00","date_gmt":"2025-09-11T14:04:00","guid":{"rendered":"https:\/\/jid.org\/?p=45823"},"modified":"2025-09-11T15:36:19","modified_gmt":"2025-09-11T19:36:19","slug":"acto-conmemorativo-del-dia-de-la-independencia-de-brasil","status":"publish","type":"post","link":"https:\/\/jid.org\/pt\/acto-conmemorativo-del-dia-de-la-independencia-de-brasil\/","title":{"rendered":"Evento comemorativo do Dia da Independ\u00eancia do Brasil"},"content":{"rendered":"<p>Em 9 de setembro, foi realizado nas instala\u00e7\u00f5es da Junta Interamericana de Defesa (JID) um evento comemorativo da Independ\u00eancia do Brasil. O evento contou com a presen\u00e7a da lideran\u00e7a da JID, Adidos Militares brasileiros, representantes da Miss\u00e3o Permanente do Brasil junto \u00e0 Organiza\u00e7\u00e3o dos Estados Americanos e delega\u00e7\u00f5es credenciadas junto \u00e0 JID.<\/p>\n\n\n\n<figure class=\"wp-block-image size-large\"><img fetchpriority=\"high\" decoding=\"async\" width=\"1024\" height=\"473\" src=\"https:\/\/jid.org\/wp-content\/uploads\/2025\/09\/WhatsApp-Image-2025-09-10-at-10.00.26-PM-1-1024x473.jpeg\" alt=\"\" class=\"wp-image-45825\" srcset=\"https:\/\/jid.org\/wp-content\/uploads\/2025\/09\/WhatsApp-Image-2025-09-10-at-10.00.26-PM-1-1024x473.jpeg 1024w, https:\/\/jid.org\/wp-content\/uploads\/2025\/09\/WhatsApp-Image-2025-09-10-at-10.00.26-PM-1-300x139.jpeg 300w, https:\/\/jid.org\/wp-content\/uploads\/2025\/09\/WhatsApp-Image-2025-09-10-at-10.00.26-PM-1-768x355.jpeg 768w, https:\/\/jid.org\/wp-content\/uploads\/2025\/09\/WhatsApp-Image-2025-09-10-at-10.00.26-PM-1-1536x709.jpeg 1536w, https:\/\/jid.org\/wp-content\/uploads\/2025\/09\/WhatsApp-Image-2025-09-10-at-10.00.26-PM-1-18x8.jpeg 18w, https:\/\/jid.org\/wp-content\/uploads\/2025\/09\/WhatsApp-Image-2025-09-10-at-10.00.26-PM-1.jpeg 1600w\" sizes=\"(max-width: 1024px) 100vw, 1024px\" \/><\/figure>\n\n\n\n<p>Em seu discurso, o Contra-Almirante Jo\u00e3o Batista, Chefe da Delega\u00e7\u00e3o Brasileira junto \u00e0 JID, enfatizou que a cerim\u00f4nia comemora um dos momentos mais significativos da hist\u00f3ria do pa\u00eds, quando sua soberania foi afirmada perante o concerto das na\u00e7\u00f5es. Ele tamb\u00e9m enfatizou que os la\u00e7os estreitos e cada vez mais s\u00f3lidos de coopera\u00e7\u00e3o nas \u00e1reas de diplomacia, defesa e seguran\u00e7a sempre beneficiam o desenvolvimento regional e a prosperidade de nossos povos.<\/p>\n\n\n\n<figure class=\"wp-block-image size-large\"><img decoding=\"async\" width=\"1024\" height=\"473\" src=\"https:\/\/jid.org\/wp-content\/uploads\/2025\/09\/WhatsApp-Image-2025-09-10-at-10.00.29-PM-1024x473.jpeg\" alt=\"\" class=\"wp-image-45830\" srcset=\"https:\/\/jid.org\/wp-content\/uploads\/2025\/09\/WhatsApp-Image-2025-09-10-at-10.00.29-PM-1024x473.jpeg 1024w, https:\/\/jid.org\/wp-content\/uploads\/2025\/09\/WhatsApp-Image-2025-09-10-at-10.00.29-PM-300x139.jpeg 300w, https:\/\/jid.org\/wp-content\/uploads\/2025\/09\/WhatsApp-Image-2025-09-10-at-10.00.29-PM-768x355.jpeg 768w, https:\/\/jid.org\/wp-content\/uploads\/2025\/09\/WhatsApp-Image-2025-09-10-at-10.00.29-PM-1536x709.jpeg 1536w, https:\/\/jid.org\/wp-content\/uploads\/2025\/09\/WhatsApp-Image-2025-09-10-at-10.00.29-PM-18x8.jpeg 18w, https:\/\/jid.org\/wp-content\/uploads\/2025\/09\/WhatsApp-Image-2025-09-10-at-10.00.29-PM.jpeg 1600w\" sizes=\"(max-width: 1024px) 100vw, 1024px\" \/><\/figure>\n\n\n\n<p><\/p>","protected":false},"excerpt":{"rendered":"<p>Em 9 de setembro, foi realizado na sede da Junta Interamericana de Defesa (JID) um evento comemorativo ao Dia da Independ\u00eancia do Brasil. O evento contou com a presen\u00e7a de l\u00edderes da JID, Adidos Militares brasileiros, representantes da Miss\u00e3o Permanente do Brasil junto \u00e0 Organiza\u00e7\u00e3o dos Estados Americanos, al\u00e9m de [\u2026]<\/p>","protected":false},"author":18,"featured_media":45841,"comment_status":"closed","ping_status":"closed","sticky":false,"template":"","format":"standard","meta":{"footnotes":""},"categories":[13],"tags":[],"destacado":[],"class_list":["post-45823","post","type-post","status-publish","format-standard","has-post-thumbnail","hentry","category-noticias"],"_links":{"self":[{"href":"https:\/\/jid.org\/pt\/wp-json\/wp\/v2\/posts\/45823","targetHints":{"allow":["GET"]}}],"collection":[{"href":"https:\/\/jid.org\/pt\/wp-json\/wp\/v2\/posts"}],"about":[{"href":"https:\/\/jid.org\/pt\/wp-json\/wp\/v2\/types\/post"}],"author":[{"embeddable":true,"href":"https:\/\/jid.org\/pt\/wp-json\/wp\/v2\/users\/18"}],"replies":[{"embeddable":true,"href":"https:\/\/jid.org\/pt\/wp-json\/wp\/v2\/comments?post=45823"}],"version-history":[{"count":4,"href":"https:\/\/jid.org\/pt\/wp-json\/wp\/v2\/posts\/45823\/revisions"}],"predecessor-version":[{"id":45844,"href":"https:\/\/jid.org\/pt\/wp-json\/wp\/v2\/posts\/45823\/revisions\/45844"}],"wp:featuredmedia":[{"embeddable":true,"href":"https:\/\/jid.org\/pt\/wp-json\/wp\/v2\/media\/45841"}],"wp:attachment":[{"href":"https:\/\/jid.org\/pt\/wp-json\/wp\/v2\/media?parent=45823"}],"wp:term":[{"taxonomy":"category","embeddable":true,"href":"https:\/\/jid.org\/pt\/wp-json\/wp\/v2\/categories?post=45823"},{"taxonomy":"post_tag","embeddable":true,"href":"https:\/\/jid.org\/pt\/wp-json\/wp\/v2\/tags?post=45823"},{"taxonomy":"destacado","embeddable":true,"href":"https:\/\/jid.org\/pt\/wp-json\/wp\/v2\/destacado?post=45823"}],"curies":[{"name":"wp","href":"https:\/\/api.w.org\/{rel}","templated":true}]}}