{"id":45886,"date":"2025-09-18T09:31:05","date_gmt":"2025-09-18T13:31:05","guid":{"rendered":"https:\/\/jid.org\/?p=45886"},"modified":"2025-10-22T13:09:28","modified_gmt":"2025-10-22T17:09:28","slug":"visita-a-la-casa-del-soldado-de-la-embajadora-ana-irene-delgado-presidenta-de-la-comision-de-seguridad-hemisferica-de-la-oea","status":"publish","type":"post","link":"https:\/\/jid.org\/pt\/visita-a-la-casa-del-soldado-de-la-embajadora-ana-irene-delgado-presidenta-de-la-comision-de-seguridad-hemisferica-de-la-oea\/","title":{"rendered":"Visita \u00e0 &quot;Casa do Soldado&quot; da Embaixadora Ana Irene Delgado, Presidente da Comiss\u00e3o de Seguran\u00e7a Hemisf\u00e9rica da OEA."},"content":{"rendered":"<p>Em 10 de setembro de 2025, a Embaixadora Ana Irene Delgado, Presidente do Comit\u00ea de Seguran\u00e7a Hemisf\u00e9rica da OEA, realizou uma visita protocolar \u00e0s instala\u00e7\u00f5es hist\u00f3ricas da Casa do Soldado, sede da Junta Interamericana de Defesa, em Washington, D.C.<\/p>\n\n\n\n<figure class=\"wp-block-image size-large\"><img fetchpriority=\"high\" decoding=\"async\" width=\"1024\" height=\"473\" src=\"https:\/\/jid.org\/wp-content\/uploads\/2025\/09\/WhatsApp-Image-2025-09-12-at-9.36.00-AM-1-1024x473.jpeg\" alt=\"\" class=\"wp-image-45888\" srcset=\"https:\/\/jid.org\/wp-content\/uploads\/2025\/09\/WhatsApp-Image-2025-09-12-at-9.36.00-AM-1-1024x473.jpeg 1024w, https:\/\/jid.org\/wp-content\/uploads\/2025\/09\/WhatsApp-Image-2025-09-12-at-9.36.00-AM-1-300x139.jpeg 300w, https:\/\/jid.org\/wp-content\/uploads\/2025\/09\/WhatsApp-Image-2025-09-12-at-9.36.00-AM-1-768x355.jpeg 768w, https:\/\/jid.org\/wp-content\/uploads\/2025\/09\/WhatsApp-Image-2025-09-12-at-9.36.00-AM-1-1536x709.jpeg 1536w, https:\/\/jid.org\/wp-content\/uploads\/2025\/09\/WhatsApp-Image-2025-09-12-at-9.36.00-AM-1-18x8.jpeg 18w, https:\/\/jid.org\/wp-content\/uploads\/2025\/09\/WhatsApp-Image-2025-09-12-at-9.36.00-AM-1.jpeg 1600w\" sizes=\"(max-width: 1024px) 100vw, 1024px\" \/><\/figure>\n\n\n\n<p>A Embaixadora foi recebida pela lideran\u00e7a do BID. Durante sua estadia, foram-lhe explicados o prop\u00f3sito, a estrutura, a organiza\u00e7\u00e3o e as atividades desenvolvidas por esta organiza\u00e7\u00e3o multilateral de defesa internacional, que visa cumprir os mandatos estabelecidos pela OEA e sua Carta Democr\u00e1tica.<\/p>\n\n\n\n<figure class=\"wp-block-image size-large\"><img decoding=\"async\" width=\"1024\" height=\"473\" src=\"https:\/\/jid.org\/wp-content\/uploads\/2025\/09\/WhatsApp-Image-2025-09-12-at-9.36.02-AM-1-1024x473.jpeg\" alt=\"\" class=\"wp-image-45889\" srcset=\"https:\/\/jid.org\/wp-content\/uploads\/2025\/09\/WhatsApp-Image-2025-09-12-at-9.36.02-AM-1-1024x473.jpeg 1024w, https:\/\/jid.org\/wp-content\/uploads\/2025\/09\/WhatsApp-Image-2025-09-12-at-9.36.02-AM-1-300x139.jpeg 300w, https:\/\/jid.org\/wp-content\/uploads\/2025\/09\/WhatsApp-Image-2025-09-12-at-9.36.02-AM-1-768x355.jpeg 768w, https:\/\/jid.org\/wp-content\/uploads\/2025\/09\/WhatsApp-Image-2025-09-12-at-9.36.02-AM-1-1536x709.jpeg 1536w, https:\/\/jid.org\/wp-content\/uploads\/2025\/09\/WhatsApp-Image-2025-09-12-at-9.36.02-AM-1-18x8.jpeg 18w, https:\/\/jid.org\/wp-content\/uploads\/2025\/09\/WhatsApp-Image-2025-09-12-at-9.36.02-AM-1.jpeg 1600w\" sizes=\"(max-width: 1024px) 100vw, 1024px\" \/><\/figure>\n\n\n\n<p>Por sua vez, a Embaixadora Ana Delgado enfatizou a import\u00e2ncia da participa\u00e7\u00e3o dos Estados-membros da OEA no Sistema Interamericano, pois, juntamente com a Junta Interamericana de Defesa, por meio da coopera\u00e7\u00e3o, colabora\u00e7\u00e3o e di\u00e1logo franco e respeitoso, podem encontrar e implementar solu\u00e7\u00f5es para os diversos desafios que o hemisf\u00e9rio enfrenta atualmente.<\/p>\n\n\n\n<figure class=\"wp-block-image size-large\"><img decoding=\"async\" width=\"1024\" height=\"473\" src=\"https:\/\/jid.org\/wp-content\/uploads\/2025\/09\/WhatsApp-Image-2025-09-12-at-9.36.05-AM-2-1024x473.jpeg\" alt=\"\" class=\"wp-image-45890\" srcset=\"https:\/\/jid.org\/wp-content\/uploads\/2025\/09\/WhatsApp-Image-2025-09-12-at-9.36.05-AM-2-1024x473.jpeg 1024w, https:\/\/jid.org\/wp-content\/uploads\/2025\/09\/WhatsApp-Image-2025-09-12-at-9.36.05-AM-2-300x139.jpeg 300w, https:\/\/jid.org\/wp-content\/uploads\/2025\/09\/WhatsApp-Image-2025-09-12-at-9.36.05-AM-2-768x355.jpeg 768w, https:\/\/jid.org\/wp-content\/uploads\/2025\/09\/WhatsApp-Image-2025-09-12-at-9.36.05-AM-2-1536x709.jpeg 1536w, https:\/\/jid.org\/wp-content\/uploads\/2025\/09\/WhatsApp-Image-2025-09-12-at-9.36.05-AM-2-18x8.jpeg 18w, https:\/\/jid.org\/wp-content\/uploads\/2025\/09\/WhatsApp-Image-2025-09-12-at-9.36.05-AM-2.jpeg 1600w\" sizes=\"(max-width: 1024px) 100vw, 1024px\" \/><\/figure>\n\n\n\n<p><\/p>\n\n\n\n<p><\/p>\n\n\n\n<p><\/p>\n\n\n\n<p><\/p>\n\n\n\n<figure class=\"wp-block-embed is-type-rich is-provider-twitter wp-block-embed-twitter\"><div class=\"wp-block-embed__wrapper\">\n<blockquote class=\"twitter-tweet\" data-width=\"550\" data-dnt=\"true\"><p lang=\"es\" dir=\"ltr\">O Embaixador <a href=\"https:\/\/twitter.com\/AnaIreneDelgado?ref_src=twsrc%5Etfw\" target=\"_blank\" rel=\"noopener noreferrer nofollow\">@AnaIreneDelgado<\/a>, Presidente do Comit\u00ea de Seguran\u00e7a Hemisf\u00e9rica, visitou a \u201cCasa do Soldado\u201d da Junta Interamericana de Defesa, onde foi recebida pela lideran\u00e7a da JID.<a href=\"https:\/\/twitter.com\/CancilleriaPma?ref_src=twsrc%5Etfw\" target=\"_blank\" rel=\"noopener noreferrer nofollow\">@CancilleriaPma<\/a> <a href=\"https:\/\/twitter.com\/OEA_oficial?ref_src=twsrc%5Etfw\" target=\"_blank\" rel=\"noopener noreferrer nofollow\">@OEA_oficial<\/a> <a href=\"https:\/\/t.co\/mCca8z3CvI\" target=\"_blank\" rel=\"noopener noreferrer nofollow\">foto.twitter.com\/mCca8z3CvI<\/a><\/p>\u2014 Miss\u00e3o Permanente do Panam\u00e1 junto \u00e0 OEA (@PanamaOEA) <a href=\"https:\/\/twitter.com\/PanamaOEA\/status\/1965872875312914515?ref_src=twsrc%5Etfw\" target=\"_blank\" rel=\"noopener noreferrer nofollow\">10 de setembro de 2025<\/a><\/blockquote><script async src=\"https:\/\/platform.twitter.com\/widgets.js\" charset=\"utf-8\"><\/script>\n<\/div><\/figure>","protected":false},"excerpt":{"rendered":"<p>Em 10 de setembro de 2025, a Embaixadora Ana Irene Delgado, Presidente do Comit\u00ea de Seguran\u00e7a Hemisf\u00e9rica da OEA, fez uma visita formal \u00e0 hist\u00f3rica Casa del Soldado, sede da Junta Interamericana de Defesa, em Washington, D.C. A Embaixadora foi recebida pela lideran\u00e7a da JID durante [\u2026]<\/p>","protected":false},"author":18,"featured_media":45887,"comment_status":"closed","ping_status":"closed","sticky":false,"template":"","format":"standard","meta":{"footnotes":""},"categories":[13],"tags":[],"destacado":[361],"class_list":["post-45886","post","type-post","status-publish","format-standard","has-post-thumbnail","hentry","category-noticias","destacado-si"],"_links":{"self":[{"href":"https:\/\/jid.org\/pt\/wp-json\/wp\/v2\/posts\/45886","targetHints":{"allow":["GET"]}}],"collection":[{"href":"https:\/\/jid.org\/pt\/wp-json\/wp\/v2\/posts"}],"about":[{"href":"https:\/\/jid.org\/pt\/wp-json\/wp\/v2\/types\/post"}],"author":[{"embeddable":true,"href":"https:\/\/jid.org\/pt\/wp-json\/wp\/v2\/users\/18"}],"replies":[{"embeddable":true,"href":"https:\/\/jid.org\/pt\/wp-json\/wp\/v2\/comments?post=45886"}],"version-history":[{"count":5,"href":"https:\/\/jid.org\/pt\/wp-json\/wp\/v2\/posts\/45886\/revisions"}],"predecessor-version":[{"id":46060,"href":"https:\/\/jid.org\/pt\/wp-json\/wp\/v2\/posts\/45886\/revisions\/46060"}],"wp:featuredmedia":[{"embeddable":true,"href":"https:\/\/jid.org\/pt\/wp-json\/wp\/v2\/media\/45887"}],"wp:attachment":[{"href":"https:\/\/jid.org\/pt\/wp-json\/wp\/v2\/media?parent=45886"}],"wp:term":[{"taxonomy":"category","embeddable":true,"href":"https:\/\/jid.org\/pt\/wp-json\/wp\/v2\/categories?post=45886"},{"taxonomy":"post_tag","embeddable":true,"href":"https:\/\/jid.org\/pt\/wp-json\/wp\/v2\/tags?post=45886"},{"taxonomy":"destacado","embeddable":true,"href":"https:\/\/jid.org\/pt\/wp-json\/wp\/v2\/destacado?post=45886"}],"curies":[{"name":"wp","href":"https:\/\/api.w.org\/{rel}","templated":true}]}}