{"id":45996,"date":"2025-10-03T09:40:05","date_gmt":"2025-10-03T13:40:05","guid":{"rendered":"https:\/\/jid.org\/?p=45996"},"modified":"2025-10-03T09:40:06","modified_gmt":"2025-10-03T13:40:06","slug":"liderasgo-de-la-jid-exploran-avances-tecnologicos-en-el-air-force-association-trade-show","status":"publish","type":"post","link":"https:\/\/jid.org\/pt\/liderasgo-de-la-jid-exploran-avances-tecnologicos-en-el-air-force-association-trade-show\/","title":{"rendered":"L\u00edderes do BID exploram avan\u00e7os tecnol\u00f3gicos na Feira da Associa\u00e7\u00e3o da For\u00e7a A\u00e9rea"},"content":{"rendered":"<p>A Associa\u00e7\u00e3o das For\u00e7as A\u00e9reas e Espaciais (AFA) organizou um evento de primeira linha, criado para reunir os principais l\u00edderes da ind\u00fastria de defesa, autoridades militares e inovadores. O evento ocorreu de 22 a 24 de setembro de 2025, com o tema central: <em>&quot;Alcan\u00e7ando uma vantagem decisiva em uma era de amea\u00e7as crescentes&quot;<\/em>Esta feira comercial ofereceu uma oportunidade \u00fanica para profissionais de defesa e aeroespacial fazerem networking, aprenderem sobre os \u00faltimos avan\u00e7os tecnol\u00f3gicos e obterem insights sobre os desafios cr\u00edticos enfrentados pelo ar, espa\u00e7o e ciberespa\u00e7o modernos.<\/p>\n\n\n\n<figure class=\"wp-block-image size-full\"><img fetchpriority=\"high\" decoding=\"async\" width=\"880\" height=\"495\" src=\"https:\/\/jid.org\/wp-content\/uploads\/2025\/10\/mmmmmm.jpg\" alt=\"\" class=\"wp-image-45998\" srcset=\"https:\/\/jid.org\/wp-content\/uploads\/2025\/10\/mmmmmm.jpg 880w, https:\/\/jid.org\/wp-content\/uploads\/2025\/10\/mmmmmm-300x169.jpg 300w, https:\/\/jid.org\/wp-content\/uploads\/2025\/10\/mmmmmm-768x432.jpg 768w, https:\/\/jid.org\/wp-content\/uploads\/2025\/10\/mmmmmm-18x10.jpg 18w\" sizes=\"(max-width: 880px) 100vw, 880px\" \/><\/figure>\n\n\n\n<p>Os delegados do BID e os alunos do CID tiveram a oportunidade de explorar os mais recentes avan\u00e7os em tecnologias e solu\u00e7\u00f5es de defesa. Foi uma oportunidade crucial para descobrir tecnologias que podem influenciar o futuro das estrat\u00e9gias de defesa.<\/p>","protected":false},"excerpt":{"rendered":"<p>A Associa\u00e7\u00e3o das For\u00e7as A\u00e9reas e Espaciais (AFA) organizou um evento de primeira linha, projetado para reunir os principais l\u00edderes da ind\u00fastria de defesa, autoridades militares e inovadores. O evento ocorreu de 22 a 24 de setembro de 2025, com o tema central &quot;Alcan\u00e7ando uma Vantagem Decisiva em uma Era de Amea\u00e7as Crescentes&quot;. Este [\u2026]<\/p>","protected":false},"author":18,"featured_media":45997,"comment_status":"closed","ping_status":"closed","sticky":false,"template":"","format":"standard","meta":{"footnotes":""},"categories":[13],"tags":[],"destacado":[],"class_list":["post-45996","post","type-post","status-publish","format-standard","has-post-thumbnail","hentry","category-noticias"],"_links":{"self":[{"href":"https:\/\/jid.org\/pt\/wp-json\/wp\/v2\/posts\/45996","targetHints":{"allow":["GET"]}}],"collection":[{"href":"https:\/\/jid.org\/pt\/wp-json\/wp\/v2\/posts"}],"about":[{"href":"https:\/\/jid.org\/pt\/wp-json\/wp\/v2\/types\/post"}],"author":[{"embeddable":true,"href":"https:\/\/jid.org\/pt\/wp-json\/wp\/v2\/users\/18"}],"replies":[{"embeddable":true,"href":"https:\/\/jid.org\/pt\/wp-json\/wp\/v2\/comments?post=45996"}],"version-history":[{"count":1,"href":"https:\/\/jid.org\/pt\/wp-json\/wp\/v2\/posts\/45996\/revisions"}],"predecessor-version":[{"id":45999,"href":"https:\/\/jid.org\/pt\/wp-json\/wp\/v2\/posts\/45996\/revisions\/45999"}],"wp:featuredmedia":[{"embeddable":true,"href":"https:\/\/jid.org\/pt\/wp-json\/wp\/v2\/media\/45997"}],"wp:attachment":[{"href":"https:\/\/jid.org\/pt\/wp-json\/wp\/v2\/media?parent=45996"}],"wp:term":[{"taxonomy":"category","embeddable":true,"href":"https:\/\/jid.org\/pt\/wp-json\/wp\/v2\/categories?post=45996"},{"taxonomy":"post_tag","embeddable":true,"href":"https:\/\/jid.org\/pt\/wp-json\/wp\/v2\/tags?post=45996"},{"taxonomy":"destacado","embeddable":true,"href":"https:\/\/jid.org\/pt\/wp-json\/wp\/v2\/destacado?post=45996"}],"curies":[{"name":"wp","href":"https:\/\/api.w.org\/{rel}","templated":true}]}}