{"id":46006,"date":"2025-10-08T09:46:49","date_gmt":"2025-10-08T13:46:49","guid":{"rendered":"https:\/\/jid.org\/?p=46006"},"modified":"2025-10-08T09:47:54","modified_gmt":"2025-10-08T13:47:54","slug":"visita-de-la-embajadora-de-mexico-ante-la-oea-luz-elena-banos-rivas","status":"publish","type":"post","link":"https:\/\/jid.org\/pt\/visita-de-la-embajadora-de-mexico-ante-la-oea-luz-elena-banos-rivas\/","title":{"rendered":"Visita da Embaixadora do M\u00e9xico junto \u00e0 OEA, Luz Elena Ba\u00f1os Rivas."},"content":{"rendered":"<p>Em 6 de outubro de 2025, a Junta Interamericana de Defesa (JID) recebeu a visita da Representante Permanente do M\u00e9xico junto \u00e0 Organiza\u00e7\u00e3o dos Estados Americanos (OEA), Embaixadora Luz Elena Ba\u00f1os Rivas, na &quot;Casa do Soldado&quot;.<\/p>\n\n\n\n<figure class=\"wp-block-image size-large\"><img fetchpriority=\"high\" decoding=\"async\" width=\"1024\" height=\"683\" src=\"https:\/\/jid.org\/wp-content\/uploads\/2025\/10\/9T0A5037-2-1024x683.jpg\" alt=\"\" class=\"wp-image-46008\" srcset=\"https:\/\/jid.org\/wp-content\/uploads\/2025\/10\/9T0A5037-2-1024x683.jpg 1024w, https:\/\/jid.org\/wp-content\/uploads\/2025\/10\/9T0A5037-2-300x200.jpg 300w, https:\/\/jid.org\/wp-content\/uploads\/2025\/10\/9T0A5037-2-768x512.jpg 768w, https:\/\/jid.org\/wp-content\/uploads\/2025\/10\/9T0A5037-2-1536x1024.jpg 1536w, https:\/\/jid.org\/wp-content\/uploads\/2025\/10\/9T0A5037-2-18x12.jpg 18w, https:\/\/jid.org\/wp-content\/uploads\/2025\/10\/9T0A5037-2.jpg 1920w\" sizes=\"(max-width: 1024px) 100vw, 1024px\" \/><\/figure>\n\n\n\n<p>A lideran\u00e7a da JID, composta pelo Major-General C\u00e9sar Macedo Garc\u00eda, Presidente do Conselho de Delegados; pelo Major-General Reinaldo Salgado Beato, Diretor-Geral da Secretaria da JID; pelo Brigadeiro-General Eduardo Villegas Vel\u00e1zquez, Vice-Presidente do Conselho de Delegados; e pelo representante do Col\u00e9gio Interamericano de Defesa (CID), deu as boas-vindas ao Embaixador Ba\u00f1os Rivas, que estava acompanhado pelo Brigadeiro-General Manuel Ladr\u00f3n de Guevara Job, Adido Militar e A\u00e9reo e Chefe da Delega\u00e7\u00e3o Mexicana na JID.<\/p>\n\n\n\n<p>O encontro teve como objetivo fortalecer os la\u00e7os institucionais entre o BID e a Representa\u00e7\u00e3o Mexicana, no \u00e2mbito do compromisso compartilhado de promover a coopera\u00e7\u00e3o, a confian\u00e7a m\u00fatua e a seguran\u00e7a hemisf\u00e9rica.<\/p>\n\n\n\n<figure class=\"wp-block-image size-large\"><img decoding=\"async\" width=\"1024\" height=\"683\" src=\"https:\/\/jid.org\/wp-content\/uploads\/2025\/10\/9T0A5042-1-1024x683.jpg\" alt=\"\" class=\"wp-image-46009\" srcset=\"https:\/\/jid.org\/wp-content\/uploads\/2025\/10\/9T0A5042-1-1024x683.jpg 1024w, https:\/\/jid.org\/wp-content\/uploads\/2025\/10\/9T0A5042-1-300x200.jpg 300w, https:\/\/jid.org\/wp-content\/uploads\/2025\/10\/9T0A5042-1-768x512.jpg 768w, https:\/\/jid.org\/wp-content\/uploads\/2025\/10\/9T0A5042-1-1536x1024.jpg 1536w, https:\/\/jid.org\/wp-content\/uploads\/2025\/10\/9T0A5042-1-18x12.jpg 18w, https:\/\/jid.org\/wp-content\/uploads\/2025\/10\/9T0A5042-1.jpg 1920w\" sizes=\"(max-width: 1024px) 100vw, 1024px\" \/><\/figure>\n\n\n\n<p>Durante a reuni\u00e3o, a Embaixadora Ba\u00f1os Rivas mencionou o trabalho da Delega\u00e7\u00e3o Mexicana em contribuir para o cumprimento das miss\u00f5es e objetivos da JID. Ela tamb\u00e9m enfatizou a import\u00e2ncia do trabalho realizado pela Junta Interamericana de Defesa como \u00f3rg\u00e3o t\u00e9cnico, consultivo e educacional da OEA em quest\u00f5es de defesa e seguran\u00e7a, bem como as linhas de a\u00e7\u00e3o que promove em benef\u00edcio dos Estados-membros.<\/p>","protected":false},"excerpt":{"rendered":"<p>Em 6 de outubro de 2025, a Junta Interamericana de Defesa (JID) recebeu a visita da Representante Permanente do M\u00e9xico junto \u00e0 Organiza\u00e7\u00e3o dos Estados Americanos (OEA), Embaixadora Luz Elena Ba\u00f1os Rivas, na &quot;Casa do Soldado&quot;. A lideran\u00e7a da JID, composta pelo Major-General C\u00e9sar Macedo Garc\u00eda, Presidente do Conselho de Seguran\u00e7a [\u2026]<\/p>","protected":false},"author":18,"featured_media":46007,"comment_status":"closed","ping_status":"closed","sticky":false,"template":"","format":"standard","meta":{"footnotes":""},"categories":[13],"tags":[],"destacado":[361],"class_list":["post-46006","post","type-post","status-publish","format-standard","has-post-thumbnail","hentry","category-noticias","destacado-si"],"_links":{"self":[{"href":"https:\/\/jid.org\/pt\/wp-json\/wp\/v2\/posts\/46006","targetHints":{"allow":["GET"]}}],"collection":[{"href":"https:\/\/jid.org\/pt\/wp-json\/wp\/v2\/posts"}],"about":[{"href":"https:\/\/jid.org\/pt\/wp-json\/wp\/v2\/types\/post"}],"author":[{"embeddable":true,"href":"https:\/\/jid.org\/pt\/wp-json\/wp\/v2\/users\/18"}],"replies":[{"embeddable":true,"href":"https:\/\/jid.org\/pt\/wp-json\/wp\/v2\/comments?post=46006"}],"version-history":[{"count":1,"href":"https:\/\/jid.org\/pt\/wp-json\/wp\/v2\/posts\/46006\/revisions"}],"predecessor-version":[{"id":46010,"href":"https:\/\/jid.org\/pt\/wp-json\/wp\/v2\/posts\/46006\/revisions\/46010"}],"wp:featuredmedia":[{"embeddable":true,"href":"https:\/\/jid.org\/pt\/wp-json\/wp\/v2\/media\/46007"}],"wp:attachment":[{"href":"https:\/\/jid.org\/pt\/wp-json\/wp\/v2\/media?parent=46006"}],"wp:term":[{"taxonomy":"category","embeddable":true,"href":"https:\/\/jid.org\/pt\/wp-json\/wp\/v2\/categories?post=46006"},{"taxonomy":"post_tag","embeddable":true,"href":"https:\/\/jid.org\/pt\/wp-json\/wp\/v2\/tags?post=46006"},{"taxonomy":"destacado","embeddable":true,"href":"https:\/\/jid.org\/pt\/wp-json\/wp\/v2\/destacado?post=46006"}],"curies":[{"name":"wp","href":"https:\/\/api.w.org\/{rel}","templated":true}]}}