{"id":46097,"date":"2025-11-04T13:12:52","date_gmt":"2025-11-04T18:12:52","guid":{"rendered":"https:\/\/jid.org\/?p=46097"},"modified":"2025-11-04T13:12:53","modified_gmt":"2025-11-04T18:12:53","slug":"reunion-informal-del-consejo-de-delegados-de-la-jid","status":"publish","type":"post","link":"https:\/\/jid.org\/pt\/reunion-informal-del-consejo-de-delegados-de-la-jid\/","title":{"rendered":"Reuni\u00e3o informal do Conselho de Delegados do BID."},"content":{"rendered":"<p>Durante a reuni\u00e3o informal de 4 de novembro de 2025, a Sra. Mara Tekach, Diretora Executiva da Miss\u00e3o Multinacional de Apoio \u00e0 Seguran\u00e7a no Haiti (MSS), apresentou a situa\u00e7\u00e3o atual no Haiti ap\u00f3s a ado\u00e7\u00e3o da Resolu\u00e7\u00e3o 2793 do Conselho de Seguran\u00e7a das Na\u00e7\u00f5es Unidas, em 30 de setembro de 2025, e seu novo formato, que inclui o estabelecimento da For\u00e7a de Supress\u00e3o de Gangues (GSF). Esta n\u00e3o \u00e9 uma miss\u00e3o de paz, mas sim uma for\u00e7a repressiva para combater gangues criminosas; seu principal objetivo \u00e9 proteger as popula\u00e7\u00f5es vulner\u00e1veis da escalada da viol\u00eancia e prevenir o deslocamento que ela inevitavelmente causa.<\/p>\n\n\n\n<figure class=\"wp-block-image size-large\"><img fetchpriority=\"high\" decoding=\"async\" width=\"1024\" height=\"768\" src=\"https:\/\/jid.org\/wp-content\/uploads\/2025\/11\/WhatsApp-Image-2025-11-04-at-10.33.24-AM-1-1024x768.jpeg\" alt=\"\" class=\"wp-image-46099\" srcset=\"https:\/\/jid.org\/wp-content\/uploads\/2025\/11\/WhatsApp-Image-2025-11-04-at-10.33.24-AM-1-1024x768.jpeg 1024w, https:\/\/jid.org\/wp-content\/uploads\/2025\/11\/WhatsApp-Image-2025-11-04-at-10.33.24-AM-1-300x225.jpeg 300w, https:\/\/jid.org\/wp-content\/uploads\/2025\/11\/WhatsApp-Image-2025-11-04-at-10.33.24-AM-1-768x576.jpeg 768w, https:\/\/jid.org\/wp-content\/uploads\/2025\/11\/WhatsApp-Image-2025-11-04-at-10.33.24-AM-1-1536x1152.jpeg 1536w, https:\/\/jid.org\/wp-content\/uploads\/2025\/11\/WhatsApp-Image-2025-11-04-at-10.33.24-AM-1-16x12.jpeg 16w, https:\/\/jid.org\/wp-content\/uploads\/2025\/11\/WhatsApp-Image-2025-11-04-at-10.33.24-AM-1.jpeg 1600w\" sizes=\"(max-width: 1024px) 100vw, 1024px\" \/><\/figure>","protected":false},"excerpt":{"rendered":"<p>Durante a reuni\u00e3o informal de 4 de novembro de 2025, a Sra. Mara Tekach, Diretora Executiva da Miss\u00e3o Multinacional de Apoio \u00e0 Seguran\u00e7a no Haiti (MSS), apresentou a situa\u00e7\u00e3o atual no Haiti, ap\u00f3s a ado\u00e7\u00e3o da Resolu\u00e7\u00e3o 2793 do Conselho de Seguran\u00e7a das Na\u00e7\u00f5es Unidas sobre [\u2026]<\/p>","protected":false},"author":18,"featured_media":46098,"comment_status":"closed","ping_status":"closed","sticky":false,"template":"","format":"standard","meta":{"footnotes":""},"categories":[13],"tags":[],"destacado":[],"class_list":["post-46097","post","type-post","status-publish","format-standard","has-post-thumbnail","hentry","category-noticias"],"_links":{"self":[{"href":"https:\/\/jid.org\/pt\/wp-json\/wp\/v2\/posts\/46097","targetHints":{"allow":["GET"]}}],"collection":[{"href":"https:\/\/jid.org\/pt\/wp-json\/wp\/v2\/posts"}],"about":[{"href":"https:\/\/jid.org\/pt\/wp-json\/wp\/v2\/types\/post"}],"author":[{"embeddable":true,"href":"https:\/\/jid.org\/pt\/wp-json\/wp\/v2\/users\/18"}],"replies":[{"embeddable":true,"href":"https:\/\/jid.org\/pt\/wp-json\/wp\/v2\/comments?post=46097"}],"version-history":[{"count":1,"href":"https:\/\/jid.org\/pt\/wp-json\/wp\/v2\/posts\/46097\/revisions"}],"predecessor-version":[{"id":46100,"href":"https:\/\/jid.org\/pt\/wp-json\/wp\/v2\/posts\/46097\/revisions\/46100"}],"wp:featuredmedia":[{"embeddable":true,"href":"https:\/\/jid.org\/pt\/wp-json\/wp\/v2\/media\/46098"}],"wp:attachment":[{"href":"https:\/\/jid.org\/pt\/wp-json\/wp\/v2\/media?parent=46097"}],"wp:term":[{"taxonomy":"category","embeddable":true,"href":"https:\/\/jid.org\/pt\/wp-json\/wp\/v2\/categories?post=46097"},{"taxonomy":"post_tag","embeddable":true,"href":"https:\/\/jid.org\/pt\/wp-json\/wp\/v2\/tags?post=46097"},{"taxonomy":"destacado","embeddable":true,"href":"https:\/\/jid.org\/pt\/wp-json\/wp\/v2\/destacado?post=46097"}],"curies":[{"name":"wp","href":"https:\/\/api.w.org\/{rel}","templated":true}]}}