{"id":46114,"date":"2025-11-06T12:11:17","date_gmt":"2025-11-06T17:11:17","guid":{"rendered":"https:\/\/jid.org\/?p=46114"},"modified":"2025-11-06T12:11:18","modified_gmt":"2025-11-06T17:11:18","slug":"acto-conmemorativo-por-el-193-aniversario-de-creacion-de-la-armada-del-ecuador","status":"publish","type":"post","link":"https:\/\/jid.org\/pt\/acto-conmemorativo-por-el-193-aniversario-de-creacion-de-la-armada-del-ecuador\/","title":{"rendered":"ATO COMEMORATIVO DO 193\u00ba ANIVERS\u00c1RIO DA CRIA\u00c7\u00c3O DA MARINHA EQUATORIANA"},"content":{"rendered":"<p>No dia 3 de novembro, nas instala\u00e7\u00f5es da Junta Interamericana de Defesa, foi realizada a Cerim\u00f4nia Comemorativa do 193\u00ba Anivers\u00e1rio da cria\u00e7\u00e3o da Marinha Equatoriana, e a Gr\u00e3-Cruz de Honra por M\u00e9rito Militar foi concedida ao Capit\u00e3o Jorge Saldana. O Capit\u00e3o Boris Brito, Adido Naval do Equador nos EUA, representando a Marinha Equatoriana, entregou a medalha e, em seu discurso, afirmou que <em>\u201c\u2026\u00e9 particularmente significativo comemorar este anivers\u00e1rio no \u00e2mbito da Junta Interamericana de Defesa, uma institui\u00e7\u00e3o hemisf\u00e9rica que incorpora o ideal de coopera\u00e7\u00e3o continental e que, desde 1942, une as for\u00e7as armadas das Am\u00e9ricas sob um prop\u00f3sito comum: fortalecer a defesa coletiva, promover a confian\u00e7a m\u00fatua e fomentar a educa\u00e7\u00e3o e a coordena\u00e7\u00e3o em seguran\u00e7a multidimensional.\u201d<\/em><\/p>\n\n\n\n<figure class=\"wp-block-image size-large\"><img fetchpriority=\"high\" decoding=\"async\" width=\"1024\" height=\"768\" src=\"https:\/\/jid.org\/wp-content\/uploads\/2025\/11\/WhatsApp-Image-2025-11-03-at-4.58.25-PM-1024x768.jpeg\" alt=\"\" class=\"wp-image-46116\" srcset=\"https:\/\/jid.org\/wp-content\/uploads\/2025\/11\/WhatsApp-Image-2025-11-03-at-4.58.25-PM-1024x768.jpeg 1024w, https:\/\/jid.org\/wp-content\/uploads\/2025\/11\/WhatsApp-Image-2025-11-03-at-4.58.25-PM-300x225.jpeg 300w, https:\/\/jid.org\/wp-content\/uploads\/2025\/11\/WhatsApp-Image-2025-11-03-at-4.58.25-PM-768x576.jpeg 768w, https:\/\/jid.org\/wp-content\/uploads\/2025\/11\/WhatsApp-Image-2025-11-03-at-4.58.25-PM-16x12.jpeg 16w, https:\/\/jid.org\/wp-content\/uploads\/2025\/11\/WhatsApp-Image-2025-11-03-at-4.58.25-PM.jpeg 1280w\" sizes=\"(max-width: 1024px) 100vw, 1024px\" \/><\/figure>\n\n\n\n<p>O evento contou com a presen\u00e7a da dire\u00e7\u00e3o do BID, da Ministra M\u00f3nica S\u00e1nchez, da Representante do Equador junto \u00e0 OEA, Sra. M\u00f3nica Real, Conselheira da Miss\u00e3o Permanente do Equador junto \u00e0 OEA, dos Adidos de Defesa, da Marinha e da For\u00e7a A\u00e9rea, do Delegado Principal do Equador junto ao BID, do Oficial de Liga\u00e7\u00e3o OEA-BID-CID, de familiares do homenageado e incluiu a participa\u00e7\u00e3o de todos os oficiais, suboficiais e t\u00e9cnicos credenciados junto ao BID.<\/p>\n\n\n\n<figure class=\"wp-block-image size-large\"><img decoding=\"async\" width=\"1024\" height=\"576\" src=\"https:\/\/jid.org\/wp-content\/uploads\/2025\/11\/WhatsApp-Image-2025-11-03-at-4.55.22-PM-1024x576.jpeg\" alt=\"\" class=\"wp-image-46117\" srcset=\"https:\/\/jid.org\/wp-content\/uploads\/2025\/11\/WhatsApp-Image-2025-11-03-at-4.55.22-PM-1024x576.jpeg 1024w, https:\/\/jid.org\/wp-content\/uploads\/2025\/11\/WhatsApp-Image-2025-11-03-at-4.55.22-PM-300x169.jpeg 300w, https:\/\/jid.org\/wp-content\/uploads\/2025\/11\/WhatsApp-Image-2025-11-03-at-4.55.22-PM-768x432.jpeg 768w, https:\/\/jid.org\/wp-content\/uploads\/2025\/11\/WhatsApp-Image-2025-11-03-at-4.55.22-PM-1536x864.jpeg 1536w, https:\/\/jid.org\/wp-content\/uploads\/2025\/11\/WhatsApp-Image-2025-11-03-at-4.55.22-PM-18x10.jpeg 18w, https:\/\/jid.org\/wp-content\/uploads\/2025\/11\/WhatsApp-Image-2025-11-03-at-4.55.22-PM.jpeg 1920w\" sizes=\"(max-width: 1024px) 100vw, 1024px\" \/><\/figure>\n\n\n\n<figure class=\"wp-block-image size-large\"><img decoding=\"async\" width=\"1024\" height=\"466\" src=\"https:\/\/jid.org\/wp-content\/uploads\/2025\/11\/WhatsApp-Image-2025-11-03-at-5.02.33-PM-1024x466.jpeg\" alt=\"\" class=\"wp-image-46118\" srcset=\"https:\/\/jid.org\/wp-content\/uploads\/2025\/11\/WhatsApp-Image-2025-11-03-at-5.02.33-PM-1024x466.jpeg 1024w, https:\/\/jid.org\/wp-content\/uploads\/2025\/11\/WhatsApp-Image-2025-11-03-at-5.02.33-PM-300x137.jpeg 300w, https:\/\/jid.org\/wp-content\/uploads\/2025\/11\/WhatsApp-Image-2025-11-03-at-5.02.33-PM-768x350.jpeg 768w, https:\/\/jid.org\/wp-content\/uploads\/2025\/11\/WhatsApp-Image-2025-11-03-at-5.02.33-PM-1536x699.jpeg 1536w, https:\/\/jid.org\/wp-content\/uploads\/2025\/11\/WhatsApp-Image-2025-11-03-at-5.02.33-PM-18x8.jpeg 18w, https:\/\/jid.org\/wp-content\/uploads\/2025\/11\/WhatsApp-Image-2025-11-03-at-5.02.33-PM.jpeg 1920w\" sizes=\"(max-width: 1024px) 100vw, 1024px\" \/><\/figure>","protected":false},"excerpt":{"rendered":"<p>No dia 3 de novembro, nas instala\u00e7\u00f5es da Junta Interamericana de Defesa, foi realizada a Cerim\u00f4nia Comemorativa do 193\u00ba Anivers\u00e1rio da cria\u00e7\u00e3o da Marinha Equatoriana, e a Gr\u00e3-Cruz de Honra por M\u00e9rito Militar foi concedida ao Capit\u00e3o Jorge Saldana e ao Capit\u00e3o Boris Brito, Adidos Navais do Equador nos Estados Unidos. [\u2026]<\/p>","protected":false},"author":18,"featured_media":46115,"comment_status":"closed","ping_status":"closed","sticky":false,"template":"","format":"standard","meta":{"footnotes":""},"categories":[13],"tags":[],"destacado":[],"class_list":["post-46114","post","type-post","status-publish","format-standard","has-post-thumbnail","hentry","category-noticias"],"_links":{"self":[{"href":"https:\/\/jid.org\/pt\/wp-json\/wp\/v2\/posts\/46114","targetHints":{"allow":["GET"]}}],"collection":[{"href":"https:\/\/jid.org\/pt\/wp-json\/wp\/v2\/posts"}],"about":[{"href":"https:\/\/jid.org\/pt\/wp-json\/wp\/v2\/types\/post"}],"author":[{"embeddable":true,"href":"https:\/\/jid.org\/pt\/wp-json\/wp\/v2\/users\/18"}],"replies":[{"embeddable":true,"href":"https:\/\/jid.org\/pt\/wp-json\/wp\/v2\/comments?post=46114"}],"version-history":[{"count":1,"href":"https:\/\/jid.org\/pt\/wp-json\/wp\/v2\/posts\/46114\/revisions"}],"predecessor-version":[{"id":46119,"href":"https:\/\/jid.org\/pt\/wp-json\/wp\/v2\/posts\/46114\/revisions\/46119"}],"wp:featuredmedia":[{"embeddable":true,"href":"https:\/\/jid.org\/pt\/wp-json\/wp\/v2\/media\/46115"}],"wp:attachment":[{"href":"https:\/\/jid.org\/pt\/wp-json\/wp\/v2\/media?parent=46114"}],"wp:term":[{"taxonomy":"category","embeddable":true,"href":"https:\/\/jid.org\/pt\/wp-json\/wp\/v2\/categories?post=46114"},{"taxonomy":"post_tag","embeddable":true,"href":"https:\/\/jid.org\/pt\/wp-json\/wp\/v2\/tags?post=46114"},{"taxonomy":"destacado","embeddable":true,"href":"https:\/\/jid.org\/pt\/wp-json\/wp\/v2\/destacado?post=46114"}],"curies":[{"name":"wp","href":"https:\/\/api.w.org\/{rel}","templated":true}]}}