{"id":46121,"date":"2025-11-07T10:14:17","date_gmt":"2025-11-07T15:14:17","guid":{"rendered":"https:\/\/jid.org\/?p=46121"},"modified":"2025-11-07T10:14:18","modified_gmt":"2025-11-07T15:14:18","slug":"visita-de-la-22a-promocion-de-la-maestria-en-seguridad-y-defensa-nacional-de-la-escuela-de-altos-estudios-estrategicos-egaee","status":"publish","type":"post","link":"https:\/\/jid.org\/pt\/visita-de-la-22a-promocion-de-la-maestria-en-seguridad-y-defensa-nacional-de-la-escuela-de-altos-estudios-estrategicos-egaee\/","title":{"rendered":"Visita da 22\u00aa cerim\u00f4nia de formatura do Mestrado em Seguran\u00e7a Nacional e Defesa da Escola de Estudos Estrat\u00e9gicos Superiores (EGAEE)."},"content":{"rendered":"<p>O Conselho Interamericano de Defesa (CID) recebeu a visita da 22\u00aa turma do Mestrado em Seguran\u00e7a Nacional e Defesa da Escola Superior de Estudos Estrat\u00e9gicos (EGAEE) da Rep\u00fablica Dominicana.<\/p>\n\n\n\n<p>A delega\u00e7\u00e3o foi recebida pela dire\u00e7\u00e3o do BID, composta pelo Major-General C\u00e9sar Macedo Garc\u00eda, Presidente do Conselho de Delegados; pelo General de Divis\u00e3o Reinaldo Salgado Beato, Diretor-Geral do Secretariado do BID; pelo Brigadeiro-General Eduardo Villegas Vel\u00e1zquez, Vice-Presidente do Conselho de Delegados; e pelo representante do Col\u00e9gio Interamericano de Defesa (CID), que acolheram a delega\u00e7\u00e3o visitante.<\/p>\n\n\n\n<figure class=\"wp-block-image size-large\"><img fetchpriority=\"high\" decoding=\"async\" width=\"1024\" height=\"768\" src=\"https:\/\/jid.org\/wp-content\/uploads\/2025\/11\/WhatsApp-Image-2025-10-31-at-10.16.27-AM-copy-4-1024x768.jpeg\" alt=\"\" class=\"wp-image-46123\" srcset=\"https:\/\/jid.org\/wp-content\/uploads\/2025\/11\/WhatsApp-Image-2025-10-31-at-10.16.27-AM-copy-4-1024x768.jpeg 1024w, https:\/\/jid.org\/wp-content\/uploads\/2025\/11\/WhatsApp-Image-2025-10-31-at-10.16.27-AM-copy-4-300x225.jpeg 300w, https:\/\/jid.org\/wp-content\/uploads\/2025\/11\/WhatsApp-Image-2025-10-31-at-10.16.27-AM-copy-4-768x576.jpeg 768w, https:\/\/jid.org\/wp-content\/uploads\/2025\/11\/WhatsApp-Image-2025-10-31-at-10.16.27-AM-copy-4-1536x1152.jpeg 1536w, https:\/\/jid.org\/wp-content\/uploads\/2025\/11\/WhatsApp-Image-2025-10-31-at-10.16.27-AM-copy-4-16x12.jpeg 16w, https:\/\/jid.org\/wp-content\/uploads\/2025\/11\/WhatsApp-Image-2025-10-31-at-10.16.27-AM-copy-4.jpeg 1600w\" sizes=\"(max-width: 1024px) 100vw, 1024px\" \/><\/figure>\n\n\n\n<p>Durante a visita, os participantes da 22\u00aa turma do Mestrado em Seguran\u00e7a Nacional e Defesa receberam uma apresenta\u00e7\u00e3o sobre a miss\u00e3o, a estrutura e as principais linhas de trabalho do BID, bem como sobre seu papel no fortalecimento da coopera\u00e7\u00e3o hemisf\u00e9rica em mat\u00e9ria de seguran\u00e7a e defesa.<\/p>\n\n\n\n<figure class=\"wp-block-image size-large\"><img decoding=\"async\" width=\"1024\" height=\"768\" src=\"https:\/\/jid.org\/wp-content\/uploads\/2025\/11\/WhatsApp-Image-2025-10-31-at-10.16.27-AM-copy-3-1024x768.jpeg\" alt=\"\" class=\"wp-image-46124\" srcset=\"https:\/\/jid.org\/wp-content\/uploads\/2025\/11\/WhatsApp-Image-2025-10-31-at-10.16.27-AM-copy-3-1024x768.jpeg 1024w, https:\/\/jid.org\/wp-content\/uploads\/2025\/11\/WhatsApp-Image-2025-10-31-at-10.16.27-AM-copy-3-300x225.jpeg 300w, https:\/\/jid.org\/wp-content\/uploads\/2025\/11\/WhatsApp-Image-2025-10-31-at-10.16.27-AM-copy-3-768x576.jpeg 768w, https:\/\/jid.org\/wp-content\/uploads\/2025\/11\/WhatsApp-Image-2025-10-31-at-10.16.27-AM-copy-3-1536x1152.jpeg 1536w, https:\/\/jid.org\/wp-content\/uploads\/2025\/11\/WhatsApp-Image-2025-10-31-at-10.16.27-AM-copy-3-16x12.jpeg 16w, https:\/\/jid.org\/wp-content\/uploads\/2025\/11\/WhatsApp-Image-2025-10-31-at-10.16.27-AM-copy-3.jpeg 1600w\" sizes=\"(max-width: 1024px) 100vw, 1024px\" \/><\/figure>\n\n\n\n<p>A atividade proporcionou uma enriquecedora troca de experi\u00eancias e conhecimentos entre os oficiais em forma\u00e7\u00e3o e as autoridades do BID, reafirmando o compromisso comum de promover a paz, a seguran\u00e7a e a colabora\u00e7\u00e3o entre as na\u00e7\u00f5es do continente americano.<\/p>\n\n\n\n<figure class=\"wp-block-image size-large\"><img decoding=\"async\" width=\"1024\" height=\"768\" src=\"https:\/\/jid.org\/wp-content\/uploads\/2025\/11\/WhatsApp-Image-2025-10-31-at-10.16.27-AM-2-1024x768.jpeg\" alt=\"\" class=\"wp-image-46125\" srcset=\"https:\/\/jid.org\/wp-content\/uploads\/2025\/11\/WhatsApp-Image-2025-10-31-at-10.16.27-AM-2-1024x768.jpeg 1024w, https:\/\/jid.org\/wp-content\/uploads\/2025\/11\/WhatsApp-Image-2025-10-31-at-10.16.27-AM-2-300x225.jpeg 300w, https:\/\/jid.org\/wp-content\/uploads\/2025\/11\/WhatsApp-Image-2025-10-31-at-10.16.27-AM-2-768x576.jpeg 768w, https:\/\/jid.org\/wp-content\/uploads\/2025\/11\/WhatsApp-Image-2025-10-31-at-10.16.27-AM-2-1536x1152.jpeg 1536w, https:\/\/jid.org\/wp-content\/uploads\/2025\/11\/WhatsApp-Image-2025-10-31-at-10.16.27-AM-2-16x12.jpeg 16w, https:\/\/jid.org\/wp-content\/uploads\/2025\/11\/WhatsApp-Image-2025-10-31-at-10.16.27-AM-2.jpeg 1600w\" sizes=\"(max-width: 1024px) 100vw, 1024px\" \/><\/figure>\n\n\n\n<p>O BID reafirma sua disposi\u00e7\u00e3o de continuar fortalecendo os la\u00e7os de coopera\u00e7\u00e3o com institui\u00e7\u00f5es acad\u00eamicas e de forma\u00e7\u00e3o estrat\u00e9gica na regi\u00e3o, em apoio \u00e0 seguran\u00e7a e ao desenvolvimento hemisf\u00e9ricos.<\/p>","protected":false},"excerpt":{"rendered":"<p>A Junta Interamericana de Defesa (JID) recebeu a visita da 22\u00aa turma de formandos do Programa de Mestrado em Seguran\u00e7a Nacional e Defesa da Escola de Estudos Estrat\u00e9gicos Avan\u00e7ados (EGAEE) da Rep\u00fablica Dominicana. A delega\u00e7\u00e3o foi recebida pela dire\u00e7\u00e3o da JID, composta pelo Major-General C\u00e9sar Macedo Garc\u00eda, Presidente do Conselho de Delegados; [\u2026]<\/p>","protected":false},"author":18,"featured_media":46122,"comment_status":"closed","ping_status":"closed","sticky":false,"template":"","format":"standard","meta":{"footnotes":""},"categories":[13],"tags":[],"destacado":[],"class_list":["post-46121","post","type-post","status-publish","format-standard","has-post-thumbnail","hentry","category-noticias"],"_links":{"self":[{"href":"https:\/\/jid.org\/pt\/wp-json\/wp\/v2\/posts\/46121","targetHints":{"allow":["GET"]}}],"collection":[{"href":"https:\/\/jid.org\/pt\/wp-json\/wp\/v2\/posts"}],"about":[{"href":"https:\/\/jid.org\/pt\/wp-json\/wp\/v2\/types\/post"}],"author":[{"embeddable":true,"href":"https:\/\/jid.org\/pt\/wp-json\/wp\/v2\/users\/18"}],"replies":[{"embeddable":true,"href":"https:\/\/jid.org\/pt\/wp-json\/wp\/v2\/comments?post=46121"}],"version-history":[{"count":1,"href":"https:\/\/jid.org\/pt\/wp-json\/wp\/v2\/posts\/46121\/revisions"}],"predecessor-version":[{"id":46126,"href":"https:\/\/jid.org\/pt\/wp-json\/wp\/v2\/posts\/46121\/revisions\/46126"}],"wp:featuredmedia":[{"embeddable":true,"href":"https:\/\/jid.org\/pt\/wp-json\/wp\/v2\/media\/46122"}],"wp:attachment":[{"href":"https:\/\/jid.org\/pt\/wp-json\/wp\/v2\/media?parent=46121"}],"wp:term":[{"taxonomy":"category","embeddable":true,"href":"https:\/\/jid.org\/pt\/wp-json\/wp\/v2\/categories?post=46121"},{"taxonomy":"post_tag","embeddable":true,"href":"https:\/\/jid.org\/pt\/wp-json\/wp\/v2\/tags?post=46121"},{"taxonomy":"destacado","embeddable":true,"href":"https:\/\/jid.org\/pt\/wp-json\/wp\/v2\/destacado?post=46121"}],"curies":[{"name":"wp","href":"https:\/\/api.w.org\/{rel}","templated":true}]}}