{"id":46128,"date":"2025-11-11T13:04:13","date_gmt":"2025-11-11T18:04:13","guid":{"rendered":"https:\/\/jid.org\/?p=46128"},"modified":"2025-11-11T13:04:48","modified_gmt":"2025-11-11T18:04:48","slug":"apertura-de-la-sesion-de-clausura-de-la-xxxvi-conferencia-de-comandantes-de-ejercitos-americanos","status":"publish","type":"post","link":"https:\/\/jid.org\/pt\/apertura-de-la-sesion-de-clausura-de-la-xxxvi-conferencia-de-comandantes-de-ejercitos-americanos\/","title":{"rendered":"Abertura da Sess\u00e3o de Encerramento da XXXVI Confer\u00eancia de Comandantes dos Ex\u00e9rcitos Americanos."},"content":{"rendered":"<p>Em 11 de novembro de 2025, na Cidade do M\u00e9xico, ocorreu a abertura oficial da Sess\u00e3o de Encerramento da XXXVI Confer\u00eancia de Comandantes dos Ex\u00e9rcitos Americanos (CEA). A Junta Interamericana de Defesa (JID) esteve representada no evento pelo Diretor-Geral do Secretariado da JID, General de Divis\u00e3o Salgado; pelo Comandante do Col\u00e9gio Interamericano de Defesa, General Heitkamp; pelo Chefe de Estudos do CID, General Amador; e pelo Oficial de Liga\u00e7\u00e3o da JID junto \u00e0 CEA, Coronel Leit\u00e3o.<\/p>\n\n\n\n<figure class=\"wp-block-image size-large\"><img fetchpriority=\"high\" decoding=\"async\" width=\"1024\" height=\"430\" src=\"https:\/\/jid.org\/wp-content\/uploads\/2025\/11\/WhatsApp-Image-2025-11-11-at-10.26.48-1-1024x430.jpeg\" alt=\"\" class=\"wp-image-46130\" srcset=\"https:\/\/jid.org\/wp-content\/uploads\/2025\/11\/WhatsApp-Image-2025-11-11-at-10.26.48-1-1024x430.jpeg 1024w, https:\/\/jid.org\/wp-content\/uploads\/2025\/11\/WhatsApp-Image-2025-11-11-at-10.26.48-1-300x126.jpeg 300w, https:\/\/jid.org\/wp-content\/uploads\/2025\/11\/WhatsApp-Image-2025-11-11-at-10.26.48-1-768x322.jpeg 768w, https:\/\/jid.org\/wp-content\/uploads\/2025\/11\/WhatsApp-Image-2025-11-11-at-10.26.48-1-1536x645.jpeg 1536w, https:\/\/jid.org\/wp-content\/uploads\/2025\/11\/WhatsApp-Image-2025-11-11-at-10.26.48-1-18x8.jpeg 18w, https:\/\/jid.org\/wp-content\/uploads\/2025\/11\/WhatsApp-Image-2025-11-11-at-10.26.48-1.jpeg 1592w\" sizes=\"(max-width: 1024px) 100vw, 1024px\" \/><\/figure>\n\n\n\n<p>A Confer\u00eancia, que decorre de 10 a 14 de novembro, tem como objetivo apresentar o trabalho desenvolvido pelas comiss\u00f5es especializadas durante o XXXVI Ciclo, bem como efetuar a transfer\u00eancia da lideran\u00e7a da CEA para o Paraguai, pa\u00eds que assumir\u00e1 a responsabilidade pelo XXXVII Ciclo (2026-2027).<\/p>\n\n\n\n<figure class=\"wp-block-image size-large\"><img decoding=\"async\" width=\"1024\" height=\"768\" src=\"https:\/\/jid.org\/wp-content\/uploads\/2025\/11\/WhatsApp-Image-2025-11-11-at-10.26.48-2-1024x768.jpeg\" alt=\"\" class=\"wp-image-46131\" srcset=\"https:\/\/jid.org\/wp-content\/uploads\/2025\/11\/WhatsApp-Image-2025-11-11-at-10.26.48-2-1024x768.jpeg 1024w, https:\/\/jid.org\/wp-content\/uploads\/2025\/11\/WhatsApp-Image-2025-11-11-at-10.26.48-2-300x225.jpeg 300w, https:\/\/jid.org\/wp-content\/uploads\/2025\/11\/WhatsApp-Image-2025-11-11-at-10.26.48-2-768x576.jpeg 768w, https:\/\/jid.org\/wp-content\/uploads\/2025\/11\/WhatsApp-Image-2025-11-11-at-10.26.48-2-1536x1152.jpeg 1536w, https:\/\/jid.org\/wp-content\/uploads\/2025\/11\/WhatsApp-Image-2025-11-11-at-10.26.48-2-16x12.jpeg 16w, https:\/\/jid.org\/wp-content\/uploads\/2025\/11\/WhatsApp-Image-2025-11-11-at-10.26.48-2.jpeg 1600w\" sizes=\"(max-width: 1024px) 100vw, 1024px\" \/><\/figure>","protected":false},"excerpt":{"rendered":"<p>Em 11 de novembro de 2025, na Cidade do M\u00e9xico, ocorreu a abertura oficial da Sess\u00e3o de Encerramento da XXXVI Confer\u00eancia de Comandantes dos Ex\u00e9rcitos Americanos (CEA). A Junta Interamericana de Defesa (JID) esteve representada no evento pelo Diretor-Geral do Secretariado da JID, General [\u2026]<\/p>","protected":false},"author":18,"featured_media":46129,"comment_status":"closed","ping_status":"closed","sticky":false,"template":"","format":"standard","meta":{"footnotes":""},"categories":[13],"tags":[],"destacado":[361],"class_list":["post-46128","post","type-post","status-publish","format-standard","has-post-thumbnail","hentry","category-noticias","destacado-si"],"_links":{"self":[{"href":"https:\/\/jid.org\/pt\/wp-json\/wp\/v2\/posts\/46128","targetHints":{"allow":["GET"]}}],"collection":[{"href":"https:\/\/jid.org\/pt\/wp-json\/wp\/v2\/posts"}],"about":[{"href":"https:\/\/jid.org\/pt\/wp-json\/wp\/v2\/types\/post"}],"author":[{"embeddable":true,"href":"https:\/\/jid.org\/pt\/wp-json\/wp\/v2\/users\/18"}],"replies":[{"embeddable":true,"href":"https:\/\/jid.org\/pt\/wp-json\/wp\/v2\/comments?post=46128"}],"version-history":[{"count":1,"href":"https:\/\/jid.org\/pt\/wp-json\/wp\/v2\/posts\/46128\/revisions"}],"predecessor-version":[{"id":46132,"href":"https:\/\/jid.org\/pt\/wp-json\/wp\/v2\/posts\/46128\/revisions\/46132"}],"wp:featuredmedia":[{"embeddable":true,"href":"https:\/\/jid.org\/pt\/wp-json\/wp\/v2\/media\/46129"}],"wp:attachment":[{"href":"https:\/\/jid.org\/pt\/wp-json\/wp\/v2\/media?parent=46128"}],"wp:term":[{"taxonomy":"category","embeddable":true,"href":"https:\/\/jid.org\/pt\/wp-json\/wp\/v2\/categories?post=46128"},{"taxonomy":"post_tag","embeddable":true,"href":"https:\/\/jid.org\/pt\/wp-json\/wp\/v2\/tags?post=46128"},{"taxonomy":"destacado","embeddable":true,"href":"https:\/\/jid.org\/pt\/wp-json\/wp\/v2\/destacado?post=46128"}],"curies":[{"name":"wp","href":"https:\/\/api.w.org\/{rel}","templated":true}]}}