{"id":46133,"date":"2025-11-11T13:33:41","date_gmt":"2025-11-11T18:33:41","guid":{"rendered":"https:\/\/jid.org\/?p=46133"},"modified":"2025-11-11T13:33:41","modified_gmt":"2025-11-11T18:33:41","slug":"visita-del-almirante-henning-faltin-observador-permanente-de-la-union-europea-ante-la-junta-interamericana-de-defensa","status":"publish","type":"post","link":"https:\/\/jid.org\/pt\/visita-del-almirante-henning-faltin-observador-permanente-de-la-union-europea-ante-la-junta-interamericana-de-defensa\/","title":{"rendered":"Visita do Almirante Henning Faltin, Observador Permanente da Uni\u00e3o Europeia, \u00e0 Junta Interamericana de Defesa."},"content":{"rendered":"<p>O Conselho Interamericano de Defesa (CID) recebeu a visita do Almirante Henning Faltin, Observador Permanente da Uni\u00e3o Europeia junto \u00e0 Organiza\u00e7\u00e3o, com o objetivo de realizar uma reuni\u00e3o de trabalho destinada a fortalecer os la\u00e7os de coopera\u00e7\u00e3o entre as duas institui\u00e7\u00f5es.<\/p>\n\n\n\n<p>Representando a JID estiveram o General de Brigada FAP C\u00e9sar Macedo Garc\u00eda, Presidente do Conselho de Delegados; Brigadeiro General Reinaldo Salgado Beato, Diretor Geral; e o Brigadeiro General Eduardo Villegas Vel\u00e1squez, Vice-Presidente do Conselho de Delegados.<\/p>\n\n\n\n<figure class=\"wp-block-image size-large\"><img fetchpriority=\"high\" decoding=\"async\" width=\"1024\" height=\"768\" src=\"https:\/\/jid.org\/wp-content\/uploads\/2025\/11\/WhatsApp-Image-2025-11-11-at-1.29.32-PM-1024x768.jpeg\" alt=\"\" class=\"wp-image-46136\" srcset=\"https:\/\/jid.org\/wp-content\/uploads\/2025\/11\/WhatsApp-Image-2025-11-11-at-1.29.32-PM-1024x768.jpeg 1024w, https:\/\/jid.org\/wp-content\/uploads\/2025\/11\/WhatsApp-Image-2025-11-11-at-1.29.32-PM-300x225.jpeg 300w, https:\/\/jid.org\/wp-content\/uploads\/2025\/11\/WhatsApp-Image-2025-11-11-at-1.29.32-PM-768x576.jpeg 768w, https:\/\/jid.org\/wp-content\/uploads\/2025\/11\/WhatsApp-Image-2025-11-11-at-1.29.32-PM-1536x1152.jpeg 1536w, https:\/\/jid.org\/wp-content\/uploads\/2025\/11\/WhatsApp-Image-2025-11-11-at-1.29.32-PM-16x12.jpeg 16w, https:\/\/jid.org\/wp-content\/uploads\/2025\/11\/WhatsApp-Image-2025-11-11-at-1.29.32-PM.jpeg 1600w\" sizes=\"(max-width: 1024px) 100vw, 1024px\" \/><\/figure>\n\n\n\n<p>Durante a reuni\u00e3o, foram discutidos projetos relacionados ao software CRIMARIO (Rotas Mar\u00edtimas Cr\u00edticas no Oceano \u00cdndico), uma iniciativa da Uni\u00e3o Europeia que visa fortalecer o interc\u00e2mbio de informa\u00e7\u00f5es e a vigil\u00e2ncia mar\u00edtima em rotas cr\u00edticas, a fim de contribuir para a seguran\u00e7a mar\u00edtima internacional.<\/p>\n\n\n\n<p>A visita possibilitou identificar \u00e1reas de interesse comum entre os objetivos do BID e as a\u00e7\u00f5es da Uni\u00e3o Europeia, especialmente na \u00e1rea de interc\u00e2mbio de informa\u00e7\u00f5es, coopera\u00e7\u00e3o t\u00e9cnica e promo\u00e7\u00e3o da seguran\u00e7a hemisf\u00e9rica, reafirmando o compromisso conjunto com a paz e a estabilidade regionais.<\/p>","protected":false},"excerpt":{"rendered":"<p>A Junta Interamericana de Defesa (JID) recebeu a visita do Almirante Henning Faltin, Observador Permanente da Uni\u00e3o Europeia junto \u00e0 Organiza\u00e7\u00e3o, para uma reuni\u00e3o de trabalho com o objetivo de fortalecer a coopera\u00e7\u00e3o entre as duas institui\u00e7\u00f5es. Representando a JID, estiveram o Major-General FAP C\u00e9sar Macedo Garc\u00eda, Presidente [\u2026]<\/p>","protected":false},"author":18,"featured_media":46134,"comment_status":"closed","ping_status":"closed","sticky":false,"template":"","format":"standard","meta":{"footnotes":""},"categories":[13],"tags":[],"destacado":[],"class_list":["post-46133","post","type-post","status-publish","format-standard","has-post-thumbnail","hentry","category-noticias"],"_links":{"self":[{"href":"https:\/\/jid.org\/pt\/wp-json\/wp\/v2\/posts\/46133","targetHints":{"allow":["GET"]}}],"collection":[{"href":"https:\/\/jid.org\/pt\/wp-json\/wp\/v2\/posts"}],"about":[{"href":"https:\/\/jid.org\/pt\/wp-json\/wp\/v2\/types\/post"}],"author":[{"embeddable":true,"href":"https:\/\/jid.org\/pt\/wp-json\/wp\/v2\/users\/18"}],"replies":[{"embeddable":true,"href":"https:\/\/jid.org\/pt\/wp-json\/wp\/v2\/comments?post=46133"}],"version-history":[{"count":1,"href":"https:\/\/jid.org\/pt\/wp-json\/wp\/v2\/posts\/46133\/revisions"}],"predecessor-version":[{"id":46137,"href":"https:\/\/jid.org\/pt\/wp-json\/wp\/v2\/posts\/46133\/revisions\/46137"}],"wp:featuredmedia":[{"embeddable":true,"href":"https:\/\/jid.org\/pt\/wp-json\/wp\/v2\/media\/46134"}],"wp:attachment":[{"href":"https:\/\/jid.org\/pt\/wp-json\/wp\/v2\/media?parent=46133"}],"wp:term":[{"taxonomy":"category","embeddable":true,"href":"https:\/\/jid.org\/pt\/wp-json\/wp\/v2\/categories?post=46133"},{"taxonomy":"post_tag","embeddable":true,"href":"https:\/\/jid.org\/pt\/wp-json\/wp\/v2\/tags?post=46133"},{"taxonomy":"destacado","embeddable":true,"href":"https:\/\/jid.org\/pt\/wp-json\/wp\/v2\/destacado?post=46133"}],"curies":[{"name":"wp","href":"https:\/\/api.w.org\/{rel}","templated":true}]}}