{"id":46168,"date":"2025-12-05T07:49:54","date_gmt":"2025-12-05T12:49:54","guid":{"rendered":"https:\/\/jid.org\/?p=46168"},"modified":"2025-12-05T07:49:54","modified_gmt":"2025-12-05T12:49:54","slug":"ceremonia-de-condecoracion-al-personal-que-concluye-su-mision-en-la-jid-diciembre-2025","status":"publish","type":"post","link":"https:\/\/jid.org\/pt\/ceremonia-de-condecoracion-al-personal-que-concluye-su-mision-en-la-jid-diciembre-2025\/","title":{"rendered":"CERIM\u00d4NIA DE PREMIA\u00c7\u00c3O PARA PESSOAL QUE CONCLUIR SUA MISS\u00c3O NO JID EM DEZEMBRO DE 2025"},"content":{"rendered":"<p>Na quarta-feira, 3 de dezembro, a cerim\u00f4nia de outorga de medalhas e reconhecimento institucional da Junta Interamericana de Defesa foi realizada no Sal\u00e3o das Bandeiras da Casa dos Soldados para os oficiais, t\u00e9cnicos e sargentos que conclu\u00edram seu servi\u00e7o militar e estavam retornando a seus pa\u00edses de origem. A cerim\u00f4nia contou com a presen\u00e7a das fam\u00edlias dos homenageados e de todos os militares.<\/p>\n\n\n\n<figure class=\"wp-block-image size-large\"><img fetchpriority=\"high\" decoding=\"async\" width=\"1024\" height=\"768\" src=\"https:\/\/jid.org\/wp-content\/uploads\/2025\/12\/2-1024x768.jpeg\" alt=\"\" class=\"wp-image-46170\" srcset=\"https:\/\/jid.org\/wp-content\/uploads\/2025\/12\/2-1024x768.jpeg 1024w, https:\/\/jid.org\/wp-content\/uploads\/2025\/12\/2-300x225.jpeg 300w, https:\/\/jid.org\/wp-content\/uploads\/2025\/12\/2-768x576.jpeg 768w, https:\/\/jid.org\/wp-content\/uploads\/2025\/12\/2-1536x1152.jpeg 1536w, https:\/\/jid.org\/wp-content\/uploads\/2025\/12\/2-16x12.jpeg 16w, https:\/\/jid.org\/wp-content\/uploads\/2025\/12\/2.jpeg 1600w\" sizes=\"(max-width: 1024px) 100vw, 1024px\" \/><\/figure>\n\n\n\n<figure class=\"wp-block-image size-large\"><img decoding=\"async\" width=\"1024\" height=\"768\" src=\"https:\/\/jid.org\/wp-content\/uploads\/2025\/12\/3-1024x768.jpeg\" alt=\"\" class=\"wp-image-46171\" srcset=\"https:\/\/jid.org\/wp-content\/uploads\/2025\/12\/3-1024x768.jpeg 1024w, https:\/\/jid.org\/wp-content\/uploads\/2025\/12\/3-300x225.jpeg 300w, https:\/\/jid.org\/wp-content\/uploads\/2025\/12\/3-768x576.jpeg 768w, https:\/\/jid.org\/wp-content\/uploads\/2025\/12\/3-1536x1152.jpeg 1536w, https:\/\/jid.org\/wp-content\/uploads\/2025\/12\/3-16x12.jpeg 16w, https:\/\/jid.org\/wp-content\/uploads\/2025\/12\/3.jpeg 1600w\" sizes=\"(max-width: 1024px) 100vw, 1024px\" \/><\/figure>\n\n\n\n<figure class=\"wp-block-image size-large\"><img decoding=\"async\" width=\"1024\" height=\"768\" src=\"https:\/\/jid.org\/wp-content\/uploads\/2025\/12\/4-1024x768.jpeg\" alt=\"\" class=\"wp-image-46172\" srcset=\"https:\/\/jid.org\/wp-content\/uploads\/2025\/12\/4-1024x768.jpeg 1024w, https:\/\/jid.org\/wp-content\/uploads\/2025\/12\/4-300x225.jpeg 300w, https:\/\/jid.org\/wp-content\/uploads\/2025\/12\/4-768x576.jpeg 768w, https:\/\/jid.org\/wp-content\/uploads\/2025\/12\/4-1536x1152.jpeg 1536w, https:\/\/jid.org\/wp-content\/uploads\/2025\/12\/4-16x12.jpeg 16w, https:\/\/jid.org\/wp-content\/uploads\/2025\/12\/4.jpeg 1600w\" sizes=\"(max-width: 1024px) 100vw, 1024px\" \/><\/figure>\n\n\n\n<figure class=\"wp-block-image size-large\"><img loading=\"lazy\" decoding=\"async\" width=\"1024\" height=\"768\" src=\"https:\/\/jid.org\/wp-content\/uploads\/2025\/12\/5-1024x768.jpeg\" alt=\"\" class=\"wp-image-46173\" srcset=\"https:\/\/jid.org\/wp-content\/uploads\/2025\/12\/5-1024x768.jpeg 1024w, https:\/\/jid.org\/wp-content\/uploads\/2025\/12\/5-300x225.jpeg 300w, https:\/\/jid.org\/wp-content\/uploads\/2025\/12\/5-768x576.jpeg 768w, https:\/\/jid.org\/wp-content\/uploads\/2025\/12\/5-1536x1152.jpeg 1536w, https:\/\/jid.org\/wp-content\/uploads\/2025\/12\/5-16x12.jpeg 16w, https:\/\/jid.org\/wp-content\/uploads\/2025\/12\/5.jpeg 1600w\" sizes=\"(max-width: 1024px) 100vw, 1024px\" \/><\/figure>","protected":false},"excerpt":{"rendered":"<p>Na quarta-feira, 3 de dezembro, a cerim\u00f4nia de outorga de medalhas da Junta Interamericana de Defesa e a cerim\u00f4nia de reconhecimento institucional foram realizadas no Sal\u00e3o das Bandeiras da Casa dos Soldados para homenagear os oficiais, t\u00e9cnicos e sargentos que conclu\u00edram seu servi\u00e7o militar e estavam retornando a seus pa\u00edses de origem. Esta cerim\u00f4nia [\u2026]<\/p>","protected":false},"author":18,"featured_media":46169,"comment_status":"closed","ping_status":"closed","sticky":false,"template":"","format":"standard","meta":{"footnotes":""},"categories":[13],"tags":[],"destacado":[361],"class_list":["post-46168","post","type-post","status-publish","format-standard","has-post-thumbnail","hentry","category-noticias","destacado-si"],"_links":{"self":[{"href":"https:\/\/jid.org\/pt\/wp-json\/wp\/v2\/posts\/46168","targetHints":{"allow":["GET"]}}],"collection":[{"href":"https:\/\/jid.org\/pt\/wp-json\/wp\/v2\/posts"}],"about":[{"href":"https:\/\/jid.org\/pt\/wp-json\/wp\/v2\/types\/post"}],"author":[{"embeddable":true,"href":"https:\/\/jid.org\/pt\/wp-json\/wp\/v2\/users\/18"}],"replies":[{"embeddable":true,"href":"https:\/\/jid.org\/pt\/wp-json\/wp\/v2\/comments?post=46168"}],"version-history":[{"count":1,"href":"https:\/\/jid.org\/pt\/wp-json\/wp\/v2\/posts\/46168\/revisions"}],"predecessor-version":[{"id":46174,"href":"https:\/\/jid.org\/pt\/wp-json\/wp\/v2\/posts\/46168\/revisions\/46174"}],"wp:featuredmedia":[{"embeddable":true,"href":"https:\/\/jid.org\/pt\/wp-json\/wp\/v2\/media\/46169"}],"wp:attachment":[{"href":"https:\/\/jid.org\/pt\/wp-json\/wp\/v2\/media?parent=46168"}],"wp:term":[{"taxonomy":"category","embeddable":true,"href":"https:\/\/jid.org\/pt\/wp-json\/wp\/v2\/categories?post=46168"},{"taxonomy":"post_tag","embeddable":true,"href":"https:\/\/jid.org\/pt\/wp-json\/wp\/v2\/tags?post=46168"},{"taxonomy":"destacado","embeddable":true,"href":"https:\/\/jid.org\/pt\/wp-json\/wp\/v2\/destacado?post=46168"}],"curies":[{"name":"wp","href":"https:\/\/api.w.org\/{rel}","templated":true}]}}