{"id":46255,"date":"2026-01-13T09:08:32","date_gmt":"2026-01-13T14:08:32","guid":{"rendered":"https:\/\/jid.org\/?p=46255"},"modified":"2026-01-15T08:34:50","modified_gmt":"2026-01-15T13:34:50","slug":"ceremonia-de-bienvenida-al-nuevo-personal-de-la-junta-interamericana-de-defensa-jid","status":"publish","type":"post","link":"https:\/\/jid.org\/pt\/ceremonia-de-bienvenida-al-nuevo-personal-de-la-junta-interamericana-de-defensa-jid\/","title":{"rendered":"CERIM\u00d4NIA DE BOAS-VINDAS AOS NOVOS FUNCION\u00c1RIOS DO CONSELHO INTERAMERICANO DE DEFESA (CID)"},"content":{"rendered":"<p>Na segunda-feira, 12 de janeiro, em nossa sede localizada na Rua F, em Washington, DC, foi realizada uma cerim\u00f4nia de boas-vindas para os funcion\u00e1rios rec\u00e9m-nomeados que atuar\u00e3o no Conselho Interamericano de Defesa (CID).<\/p>\n\n\n\n<figure class=\"wp-block-image size-large\"><img fetchpriority=\"high\" decoding=\"async\" width=\"1024\" height=\"677\" src=\"https:\/\/jid.org\/wp-content\/uploads\/2026\/01\/2-1024x677.jpeg\" alt=\"\" class=\"wp-image-46257\" srcset=\"https:\/\/jid.org\/wp-content\/uploads\/2026\/01\/2-1024x677.jpeg 1024w, https:\/\/jid.org\/wp-content\/uploads\/2026\/01\/2-300x198.jpeg 300w, https:\/\/jid.org\/wp-content\/uploads\/2026\/01\/2-768x508.jpeg 768w, https:\/\/jid.org\/wp-content\/uploads\/2026\/01\/2-18x12.jpeg 18w, https:\/\/jid.org\/wp-content\/uploads\/2026\/01\/2.jpeg 1256w\" sizes=\"(max-width: 1024px) 100vw, 1024px\" \/><\/figure>\n\n\n\n<p>Durante a cerim\u00f4nia formal, foram entregues os distintivos institucionais, que representam a filia\u00e7\u00e3o a esta entidade consultiva de mais alto n\u00edvel t\u00e9cnico, consultivo e educacional.<\/p>\n\n\n\n<figure class=\"wp-block-image size-full is-resized\"><img decoding=\"async\" width=\"685\" height=\"1010\" src=\"https:\/\/jid.org\/wp-content\/uploads\/2026\/01\/3.jpeg\" alt=\"\" class=\"wp-image-46258\" style=\"width:840px;height:auto\" srcset=\"https:\/\/jid.org\/wp-content\/uploads\/2026\/01\/3.jpeg 685w, https:\/\/jid.org\/wp-content\/uploads\/2026\/01\/3-203x300.jpeg 203w, https:\/\/jid.org\/wp-content\/uploads\/2026\/01\/3-8x12.jpeg 8w\" sizes=\"(max-width: 685px) 100vw, 685px\" \/><\/figure>\n\n\n\n<p>A cerim\u00f4nia foi presidida pelo Diretor-Geral do Secretariado da Junta Interamericana de Defesa, Major-General Reinaldo Salgado Beato, e pelo Vice-Presidente do Conselho de Delegados, Brigadeiro-General Eduardo Villegas Vel\u00e1zquez, que deram as boas-vindas oficiais aos novos membros, destacando o compromisso, o profissionalismo e a dedica\u00e7\u00e3o ao servi\u00e7o que caracterizam a institui\u00e7\u00e3o.<\/p>\n\n\n\n<figure class=\"wp-block-image size-full is-resized\"><img decoding=\"async\" width=\"822\" height=\"967\" src=\"https:\/\/jid.org\/wp-content\/uploads\/2026\/01\/6.jpeg\" alt=\"\" class=\"wp-image-46259\" style=\"width:840px;height:auto\" srcset=\"https:\/\/jid.org\/wp-content\/uploads\/2026\/01\/6.jpeg 822w, https:\/\/jid.org\/wp-content\/uploads\/2026\/01\/6-255x300.jpeg 255w, https:\/\/jid.org\/wp-content\/uploads\/2026\/01\/6-768x903.jpeg 768w, https:\/\/jid.org\/wp-content\/uploads\/2026\/01\/6-10x12.jpeg 10w\" sizes=\"(max-width: 822px) 100vw, 822px\" \/><\/figure>","protected":false},"excerpt":{"rendered":"<p>Na segunda-feira, 12 de janeiro, em nossa sede localizada na Rua F, em Washington, D.C., foi realizada uma cerim\u00f4nia de boas-vindas para os membros rec\u00e9m-nomeados para servir na Junta Interamericana de Defesa (JID). Durante a cerim\u00f4nia, as ins\u00edgnias foram entregues [\u2026]<\/p>","protected":false},"author":18,"featured_media":46256,"comment_status":"closed","ping_status":"closed","sticky":false,"template":"","format":"standard","meta":{"footnotes":""},"categories":[13],"tags":[],"destacado":[361],"class_list":["post-46255","post","type-post","status-publish","format-standard","has-post-thumbnail","hentry","category-noticias","destacado-si"],"_links":{"self":[{"href":"https:\/\/jid.org\/pt\/wp-json\/wp\/v2\/posts\/46255","targetHints":{"allow":["GET"]}}],"collection":[{"href":"https:\/\/jid.org\/pt\/wp-json\/wp\/v2\/posts"}],"about":[{"href":"https:\/\/jid.org\/pt\/wp-json\/wp\/v2\/types\/post"}],"author":[{"embeddable":true,"href":"https:\/\/jid.org\/pt\/wp-json\/wp\/v2\/users\/18"}],"replies":[{"embeddable":true,"href":"https:\/\/jid.org\/pt\/wp-json\/wp\/v2\/comments?post=46255"}],"version-history":[{"count":2,"href":"https:\/\/jid.org\/pt\/wp-json\/wp\/v2\/posts\/46255\/revisions"}],"predecessor-version":[{"id":46261,"href":"https:\/\/jid.org\/pt\/wp-json\/wp\/v2\/posts\/46255\/revisions\/46261"}],"wp:featuredmedia":[{"embeddable":true,"href":"https:\/\/jid.org\/pt\/wp-json\/wp\/v2\/media\/46256"}],"wp:attachment":[{"href":"https:\/\/jid.org\/pt\/wp-json\/wp\/v2\/media?parent=46255"}],"wp:term":[{"taxonomy":"category","embeddable":true,"href":"https:\/\/jid.org\/pt\/wp-json\/wp\/v2\/categories?post=46255"},{"taxonomy":"post_tag","embeddable":true,"href":"https:\/\/jid.org\/pt\/wp-json\/wp\/v2\/tags?post=46255"},{"taxonomy":"destacado","embeddable":true,"href":"https:\/\/jid.org\/pt\/wp-json\/wp\/v2\/destacado?post=46255"}],"curies":[{"name":"wp","href":"https:\/\/api.w.org\/{rel}","templated":true}]}}