{"id":46307,"date":"2026-02-05T07:47:03","date_gmt":"2026-02-05T12:47:03","guid":{"rendered":"https:\/\/jid.org\/?p=46307"},"modified":"2026-02-10T12:15:51","modified_gmt":"2026-02-10T17:15:51","slug":"reunion-protocolar-con-la-secretaria-general-adjunta-de-la-organizacion-de-los-estados-americanos-oea","status":"publish","type":"post","link":"https:\/\/jid.org\/pt\/reunion-protocolar-con-la-secretaria-general-adjunta-de-la-organizacion-de-los-estados-americanos-oea\/","title":{"rendered":"REUNI\u00c3O DE PROTOCOLO COM O SECRET\u00c1RIO-GERAL ADJUNTO DA ORGANIZA\u00c7\u00c3O DOS ESTADOS AMERICANOS (OEA)"},"content":{"rendered":"<p>A Junta Interamericana de Defesa (JID) realizou uma reuni\u00e3o protocolar com a Subsecret\u00e1ria-Geral da Organiza\u00e7\u00e3o dos Estados Americanos (OEA), Laura Gil, na sexta-feira, 23 de janeiro, como parte do processo de fortalecimento dos la\u00e7os interinstitucionais.<\/p>\n\n\n\n<figure class=\"wp-block-image size-large is-resized\"><img fetchpriority=\"high\" decoding=\"async\" width=\"768\" height=\"1024\" src=\"https:\/\/jid.org\/wp-content\/uploads\/2026\/02\/WhatsApp-Image-2026-01-23-at-16.33.25-2-1-768x1024.jpeg\" alt=\"\" class=\"wp-image-46312\" style=\"width:840px;height:auto\" srcset=\"https:\/\/jid.org\/wp-content\/uploads\/2026\/02\/WhatsApp-Image-2026-01-23-at-16.33.25-2-1-768x1024.jpeg 768w, https:\/\/jid.org\/wp-content\/uploads\/2026\/02\/WhatsApp-Image-2026-01-23-at-16.33.25-2-1-225x300.jpeg 225w, https:\/\/jid.org\/wp-content\/uploads\/2026\/02\/WhatsApp-Image-2026-01-23-at-16.33.25-2-1-9x12.jpeg 9w, https:\/\/jid.org\/wp-content\/uploads\/2026\/02\/WhatsApp-Image-2026-01-23-at-16.33.25-2-1.jpeg 960w\" sizes=\"(max-width: 768px) 100vw, 768px\" \/><\/figure>\n\n\n\n<p>Representando o BID, estiveram presentes a Comandante da For\u00e7a A\u00e9rea Peruana, Paola Merino Urday, e a Tenente-Coronel do Ex\u00e9rcito Mexicano, Ariana Delgado, que abordaram quest\u00f5es relacionadas \u00e0 Agenda Mulheres, Paz e Seguran\u00e7a, no \u00e2mbito dos preparativos para o Semin\u00e1rio Mulheres, Paz e Seguran\u00e7a 2026, a ser realizado em 25 de fevereiro de 2026.<\/p>\n\n\n\n<p>Esta reuni\u00e3o reafirma o compromisso do BID em promover a Agenda Mulheres, Paz e Seguran\u00e7a, bem como em trabalhar em coordena\u00e7\u00e3o com a OEA para fortalec\u00ea-la na esfera hemisf\u00e9rica.<\/p>","protected":false},"excerpt":{"rendered":"<p>A Junta Interamericana de Defesa (JID) realizou uma reuni\u00e3o protocolar com a Subsecret\u00e1ria-Geral da Organiza\u00e7\u00e3o dos Estados Americanos (OEA), Laura Gil, na sexta-feira, 23 de janeiro, como parte do processo de fortalecimento dos la\u00e7os interinstitucionais. Representando a JID estava o Comandante da For\u00e7a A\u00e9rea de [\u2026]<\/p>","protected":false},"author":18,"featured_media":46310,"comment_status":"closed","ping_status":"closed","sticky":false,"template":"","format":"standard","meta":{"footnotes":""},"categories":[13],"tags":[],"destacado":[361],"class_list":["post-46307","post","type-post","status-publish","format-standard","has-post-thumbnail","hentry","category-noticias","destacado-si"],"_links":{"self":[{"href":"https:\/\/jid.org\/pt\/wp-json\/wp\/v2\/posts\/46307","targetHints":{"allow":["GET"]}}],"collection":[{"href":"https:\/\/jid.org\/pt\/wp-json\/wp\/v2\/posts"}],"about":[{"href":"https:\/\/jid.org\/pt\/wp-json\/wp\/v2\/types\/post"}],"author":[{"embeddable":true,"href":"https:\/\/jid.org\/pt\/wp-json\/wp\/v2\/users\/18"}],"replies":[{"embeddable":true,"href":"https:\/\/jid.org\/pt\/wp-json\/wp\/v2\/comments?post=46307"}],"version-history":[{"count":2,"href":"https:\/\/jid.org\/pt\/wp-json\/wp\/v2\/posts\/46307\/revisions"}],"predecessor-version":[{"id":46329,"href":"https:\/\/jid.org\/pt\/wp-json\/wp\/v2\/posts\/46307\/revisions\/46329"}],"wp:featuredmedia":[{"embeddable":true,"href":"https:\/\/jid.org\/pt\/wp-json\/wp\/v2\/media\/46310"}],"wp:attachment":[{"href":"https:\/\/jid.org\/pt\/wp-json\/wp\/v2\/media?parent=46307"}],"wp:term":[{"taxonomy":"category","embeddable":true,"href":"https:\/\/jid.org\/pt\/wp-json\/wp\/v2\/categories?post=46307"},{"taxonomy":"post_tag","embeddable":true,"href":"https:\/\/jid.org\/pt\/wp-json\/wp\/v2\/tags?post=46307"},{"taxonomy":"destacado","embeddable":true,"href":"https:\/\/jid.org\/pt\/wp-json\/wp\/v2\/destacado?post=46307"}],"curies":[{"name":"wp","href":"https:\/\/api.w.org\/{rel}","templated":true}]}}