{"id":46314,"date":"2026-02-05T07:52:00","date_gmt":"2026-02-05T12:52:00","guid":{"rendered":"https:\/\/jid.org\/?p=46314"},"modified":"2026-02-05T07:52:00","modified_gmt":"2026-02-05T12:52:00","slug":"liderazgo-de-la-junta-interamericana-de-defensa-realiza-visita-institucional-a-la-mision-de-argentina-ante-la-oea","status":"publish","type":"post","link":"https:\/\/jid.org\/pt\/liderazgo-de-la-junta-interamericana-de-defensa-realiza-visita-institucional-a-la-mision-de-argentina-ante-la-oea\/","title":{"rendered":"A dire\u00e7\u00e3o da Junta Interamericana de Defesa realiza visita institucional \u00e0 Miss\u00e3o da Argentina junto \u00e0 OEA."},"content":{"rendered":"<p>No dia 3 de fevereiro, com o objetivo de fortalecer a coopera\u00e7\u00e3o hemisf\u00e9rica, a dire\u00e7\u00e3o do Conselho Interamericano de Defesa (CID) realizou uma visita institucional ao Embaixador Carlos Cherniak, Representante Permanente da Rep\u00fablica Argentina junto \u00e0 Organiza\u00e7\u00e3o dos Estados Americanos (OEA).<\/p>\n\n\n\n<p>O encontro fortaleceu os la\u00e7os de amizade e coopera\u00e7\u00e3o e proporcionou uma oportunidade para apresentar os projetos estrat\u00e9gicos que o BID est\u00e1 desenvolvendo em benef\u00edcio de seus Estados-Membros. Durante a reuni\u00e3o, foram apresentadas iniciativas em andamento, incluindo produtos t\u00e9cnicos dispon\u00edveis para os pa\u00edses da regi\u00e3o e os programas acad\u00eamicos de alta qualidade oferecidos pelo Col\u00e9gio Interamericano de Defesa (CIAD).<\/p>\n\n\n\n<figure class=\"wp-block-image size-full\"><img fetchpriority=\"high\" decoding=\"async\" width=\"960\" height=\"840\" src=\"https:\/\/jid.org\/wp-content\/uploads\/2026\/02\/WhatsApp-Image-2026-02-03-at-16.45.39-2.jpeg\" alt=\"\" class=\"wp-image-46316\" srcset=\"https:\/\/jid.org\/wp-content\/uploads\/2026\/02\/WhatsApp-Image-2026-02-03-at-16.45.39-2.jpeg 960w, https:\/\/jid.org\/wp-content\/uploads\/2026\/02\/WhatsApp-Image-2026-02-03-at-16.45.39-2-300x263.jpeg 300w, https:\/\/jid.org\/wp-content\/uploads\/2026\/02\/WhatsApp-Image-2026-02-03-at-16.45.39-2-768x672.jpeg 768w, https:\/\/jid.org\/wp-content\/uploads\/2026\/02\/WhatsApp-Image-2026-02-03-at-16.45.39-2-14x12.jpeg 14w\" sizes=\"(max-width: 960px) 100vw, 960px\" \/><\/figure>\n\n\n\n<p>Por sua vez, o embaixador Cherniak expressou sua gratid\u00e3o pela visita, destacando a import\u00e2ncia do trabalho conjunto no fortalecimento da seguran\u00e7a e defesa hemisf\u00e9ricas, bem como o valor da colabora\u00e7\u00e3o para enfrentar desafios comuns.<\/p>\n\n\n\n<p>A delega\u00e7\u00e3o da JID foi chefiada pelo General de Divis\u00e3o C\u00e9sar Macedo, Presidente do Conselho de Delegados; Major-General Reinaldo Salgado, Secret\u00e1rio-Geral; e o Contra-Almirante Paulo Osorio, Diretor Interino do CID.<\/p>\n\n\n\n<p>Participaram tamb\u00e9m os coron\u00e9is Mario Rivas e Petronio Segarra, Oficiais de Liga\u00e7\u00e3o do BID junto \u00e0 OEA. Representando a Argentina, estiveram o Conselheiro Guido Crilchuk e o Brigadeiro-General Alejandro Liberatori, Adido de Defesa e Militar da Embaixada da Rep\u00fablica Argentina em Washington.<\/p>\n\n\n\n<figure class=\"wp-block-image size-large is-resized\"><img decoding=\"async\" width=\"768\" height=\"1024\" src=\"https:\/\/jid.org\/wp-content\/uploads\/2026\/02\/WhatsApp-Image-2026-02-03-at-16.45.38-1-768x1024.jpeg\" alt=\"\" class=\"wp-image-46317\" style=\"width:840px;height:auto\" srcset=\"https:\/\/jid.org\/wp-content\/uploads\/2026\/02\/WhatsApp-Image-2026-02-03-at-16.45.38-1-768x1024.jpeg 768w, https:\/\/jid.org\/wp-content\/uploads\/2026\/02\/WhatsApp-Image-2026-02-03-at-16.45.38-1-225x300.jpeg 225w, https:\/\/jid.org\/wp-content\/uploads\/2026\/02\/WhatsApp-Image-2026-02-03-at-16.45.38-1-9x12.jpeg 9w, https:\/\/jid.org\/wp-content\/uploads\/2026\/02\/WhatsApp-Image-2026-02-03-at-16.45.38-1.jpeg 960w\" sizes=\"(max-width: 768px) 100vw, 768px\" \/><\/figure>\n\n\n\n<p>Com este encontro, a Junta Interamericana de Defesa reafirma sua miss\u00e3o de promover a coopera\u00e7\u00e3o t\u00e9cnica, consultiva e educacional, consolidando seu apoio \u00e0 Rep\u00fablica Argentina e \u00e0s na\u00e7\u00f5es do hemisf\u00e9rio no fortalecimento da seguran\u00e7a e da defesa regional.<\/p>\n\n\n\n<p><\/p>","protected":false},"excerpt":{"rendered":"<p>No dia 3 de fevereiro, com o objetivo de fortalecer a coopera\u00e7\u00e3o hemisf\u00e9rica, a dire\u00e7\u00e3o do Conselho Interamericano de Defesa (CID) realizou uma visita institucional ao Embaixador Carlos Cherniak, Representante Permanente da Rep\u00fablica Argentina junto \u00e0 Organiza\u00e7\u00e3o dos Estados Americanos (OEA). O encontro fortaleceu os la\u00e7os de amizade e coopera\u00e7\u00e3o, bem como [\u2026]<\/p>","protected":false},"author":18,"featured_media":46315,"comment_status":"closed","ping_status":"closed","sticky":false,"template":"","format":"standard","meta":{"footnotes":""},"categories":[13],"tags":[],"destacado":[361],"class_list":["post-46314","post","type-post","status-publish","format-standard","has-post-thumbnail","hentry","category-noticias","destacado-si"],"_links":{"self":[{"href":"https:\/\/jid.org\/pt\/wp-json\/wp\/v2\/posts\/46314","targetHints":{"allow":["GET"]}}],"collection":[{"href":"https:\/\/jid.org\/pt\/wp-json\/wp\/v2\/posts"}],"about":[{"href":"https:\/\/jid.org\/pt\/wp-json\/wp\/v2\/types\/post"}],"author":[{"embeddable":true,"href":"https:\/\/jid.org\/pt\/wp-json\/wp\/v2\/users\/18"}],"replies":[{"embeddable":true,"href":"https:\/\/jid.org\/pt\/wp-json\/wp\/v2\/comments?post=46314"}],"version-history":[{"count":1,"href":"https:\/\/jid.org\/pt\/wp-json\/wp\/v2\/posts\/46314\/revisions"}],"predecessor-version":[{"id":46318,"href":"https:\/\/jid.org\/pt\/wp-json\/wp\/v2\/posts\/46314\/revisions\/46318"}],"wp:featuredmedia":[{"embeddable":true,"href":"https:\/\/jid.org\/pt\/wp-json\/wp\/v2\/media\/46315"}],"wp:attachment":[{"href":"https:\/\/jid.org\/pt\/wp-json\/wp\/v2\/media?parent=46314"}],"wp:term":[{"taxonomy":"category","embeddable":true,"href":"https:\/\/jid.org\/pt\/wp-json\/wp\/v2\/categories?post=46314"},{"taxonomy":"post_tag","embeddable":true,"href":"https:\/\/jid.org\/pt\/wp-json\/wp\/v2\/tags?post=46314"},{"taxonomy":"destacado","embeddable":true,"href":"https:\/\/jid.org\/pt\/wp-json\/wp\/v2\/destacado?post=46314"}],"curies":[{"name":"wp","href":"https:\/\/api.w.org\/{rel}","templated":true}]}}