{"id":46391,"date":"2026-03-06T13:21:52","date_gmt":"2026-03-06T18:21:52","guid":{"rendered":"https:\/\/jid.org\/?p=46391"},"modified":"2026-03-06T13:21:53","modified_gmt":"2026-03-06T18:21:53","slug":"seminario-de-desminado-humanitario-2026-y-visita-tecnica-a-las-misiones-de-la-jid-en-colombia","status":"publish","type":"post","link":"https:\/\/jid.org\/pt\/seminario-de-desminado-humanitario-2026-y-visita-tecnica-a-las-misiones-de-la-jid-en-colombia\/","title":{"rendered":"Semin\u00e1rio Humanit\u00e1rio de Desminagem 2026 e Visita T\u00e9cnica \u00e0s Miss\u00f5es do BID na Col\u00f4mbia"},"content":{"rendered":"<p>O Conselho Interamericano de Defesa (CID) realizou o Semin\u00e1rio Humanit\u00e1rio de Desminagem 2026 em Bogot\u00e1, Col\u00f4mbia, no dia 3 de mar\u00e7o, para comemorar o 20\u00ba anivers\u00e1rio do Grupo Interamericano de Monitores na Col\u00f4mbia (GMI-CO).<\/p>\n\n\n\n<p>O evento reuniu autoridades civis e militares, especialistas em a\u00e7\u00e3o contra minas e representantes de organiza\u00e7\u00f5es internacionais, que trocaram experi\u00eancias e boas pr\u00e1ticas com o objetivo de fortalecer as capacidades regionais em desminagem humanit\u00e1ria e coopera\u00e7\u00e3o internacional.<\/p>\n\n\n\n<figure class=\"wp-block-image size-large\"><img fetchpriority=\"high\" decoding=\"async\" width=\"1024\" height=\"682\" src=\"https:\/\/jid.org\/wp-content\/uploads\/2026\/03\/2.-CERIMONIA-MEDALHA-1024x682.jpeg\" alt=\"\" class=\"wp-image-46393\" srcset=\"https:\/\/jid.org\/wp-content\/uploads\/2026\/03\/2.-CERIMONIA-MEDALHA-1024x682.jpeg 1024w, https:\/\/jid.org\/wp-content\/uploads\/2026\/03\/2.-CERIMONIA-MEDALHA-300x200.jpeg 300w, https:\/\/jid.org\/wp-content\/uploads\/2026\/03\/2.-CERIMONIA-MEDALHA-768x511.jpeg 768w, https:\/\/jid.org\/wp-content\/uploads\/2026\/03\/2.-CERIMONIA-MEDALHA-18x12.jpeg 18w, https:\/\/jid.org\/wp-content\/uploads\/2026\/03\/2.-CERIMONIA-MEDALHA.jpeg 1280w\" sizes=\"(max-width: 1024px) 100vw, 1024px\" \/><\/figure>\n\n\n\n<p>Durante o semin\u00e1rio, participaram como palestrantes: Major-General Reinaldo Salgado Beato, Diretor-Geral do Secretariado do BID; Major-General Cesar Macedo, Presidente do Conselho de Delegados do BID; Coronel Leonardo Favio C\u00e1rdenas, Comandante da Brigada de Engenharia Humanit\u00e1ria de Desminagem do Ex\u00e9rcito Nacional da Col\u00f4mbia; e Sra. Pier Angelli De Luca, Chefe da Se\u00e7\u00e3o de Armas Convencionais, Muni\u00e7\u00f5es e Explosivos da Organiza\u00e7\u00e3o dos Estados Americanos (OEA).<\/p>\n\n\n\n<p>No \u00e2mbito desta atividade, foram tamb\u00e9m atribu\u00eddos reconhecimentos, tendo sido concedida a Distin\u00e7\u00e3o de Especialista em Desminagem Humanit\u00e1ria, destacando o empenho e a contribui\u00e7\u00e3o de personalidades que apoiaram o desenvolvimento da desminagem humanit\u00e1ria na Col\u00f4mbia.<\/p>\n\n\n\n<figure class=\"wp-block-image size-large\"><img decoding=\"async\" width=\"1024\" height=\"682\" src=\"https:\/\/jid.org\/wp-content\/uploads\/2026\/03\/1.2-SEMINARIO-DHU-1024x682.jpeg\" alt=\"\" class=\"wp-image-46394\" srcset=\"https:\/\/jid.org\/wp-content\/uploads\/2026\/03\/1.2-SEMINARIO-DHU-1024x682.jpeg 1024w, https:\/\/jid.org\/wp-content\/uploads\/2026\/03\/1.2-SEMINARIO-DHU-300x200.jpeg 300w, https:\/\/jid.org\/wp-content\/uploads\/2026\/03\/1.2-SEMINARIO-DHU-768x511.jpeg 768w, https:\/\/jid.org\/wp-content\/uploads\/2026\/03\/1.2-SEMINARIO-DHU-18x12.jpeg 18w, https:\/\/jid.org\/wp-content\/uploads\/2026\/03\/1.2-SEMINARIO-DHU.jpeg 1280w\" sizes=\"(max-width: 1024px) 100vw, 1024px\" \/><\/figure>\n\n\n\n<p>Aproveitando a ocasi\u00e3o, uma delega\u00e7\u00e3o da Junta Interamericana de Defesa fez uma visita t\u00e9cnica \u00e0s miss\u00f5es de assist\u00eancia humanit\u00e1ria para desminagem implantadas na Col\u00f4mbia, incluindo reuni\u00f5es institucionais com o Comando Geral das For\u00e7as Armadas Colombianas, o Comando de Engenharia do Ex\u00e9rcito Nacional, bem como visitas ao Grupo Interamericano de Monitores (GMI), ao Grupo Interamericano de Assessores T\u00e9cnicos (GATI) e ao programa AICMA da Organiza\u00e7\u00e3o dos Estados Americanos (OEA).<\/p>\n\n\n\n<p>Essas atividades fortaleceram a coopera\u00e7\u00e3o regional, proporcionaram conhecimento em primeira m\u00e3o sobre o progresso operacional e reafirmaram o compromisso do BID com os esfor\u00e7os multilaterais destinados a limpar terras afetadas por minas e a melhorar a seguran\u00e7a das comunidades.<\/p>\n\n\n\n<figure class=\"wp-block-image size-large\"><img decoding=\"async\" width=\"1024\" height=\"518\" src=\"https:\/\/jid.org\/wp-content\/uploads\/2026\/03\/2.7-CERIMONIA-MEDALHA-1024x518.jpeg\" alt=\"\" class=\"wp-image-46395\" srcset=\"https:\/\/jid.org\/wp-content\/uploads\/2026\/03\/2.7-CERIMONIA-MEDALHA-1024x518.jpeg 1024w, https:\/\/jid.org\/wp-content\/uploads\/2026\/03\/2.7-CERIMONIA-MEDALHA-300x152.jpeg 300w, https:\/\/jid.org\/wp-content\/uploads\/2026\/03\/2.7-CERIMONIA-MEDALHA-768x388.jpeg 768w, https:\/\/jid.org\/wp-content\/uploads\/2026\/03\/2.7-CERIMONIA-MEDALHA-18x9.jpeg 18w, https:\/\/jid.org\/wp-content\/uploads\/2026\/03\/2.7-CERIMONIA-MEDALHA.jpeg 1280w\" sizes=\"(max-width: 1024px) 100vw, 1024px\" \/><\/figure>\n\n\n\n<p>Por mais de tr\u00eas d\u00e9cadas, a Junta Interamericana de Defesa tem apoiado os esfor\u00e7os dos Estados-Membros na desminagem humanit\u00e1ria, contribuindo para o desenvolvimento de capacidades, a coopera\u00e7\u00e3o internacional e a constru\u00e7\u00e3o de um hemisf\u00e9rio mais seguro.<\/p>\n\n\n\n<figure class=\"wp-block-image size-large\"><img loading=\"lazy\" decoding=\"async\" width=\"1024\" height=\"768\" src=\"https:\/\/jid.org\/wp-content\/uploads\/2026\/03\/4.-VISITA-CMGO-ENG-1024x768.jpeg\" alt=\"\" class=\"wp-image-46396\" srcset=\"https:\/\/jid.org\/wp-content\/uploads\/2026\/03\/4.-VISITA-CMGO-ENG-1024x768.jpeg 1024w, https:\/\/jid.org\/wp-content\/uploads\/2026\/03\/4.-VISITA-CMGO-ENG-300x225.jpeg 300w, https:\/\/jid.org\/wp-content\/uploads\/2026\/03\/4.-VISITA-CMGO-ENG-768x576.jpeg 768w, https:\/\/jid.org\/wp-content\/uploads\/2026\/03\/4.-VISITA-CMGO-ENG-1536x1152.jpeg 1536w, https:\/\/jid.org\/wp-content\/uploads\/2026\/03\/4.-VISITA-CMGO-ENG-16x12.jpeg 16w, https:\/\/jid.org\/wp-content\/uploads\/2026\/03\/4.-VISITA-CMGO-ENG.jpeg 1600w\" sizes=\"(max-width: 1024px) 100vw, 1024px\" \/><\/figure>","protected":false},"excerpt":{"rendered":"<p>O Conselho Interamericano de Defesa (CID) realizou o Semin\u00e1rio Humanit\u00e1rio de Desminagem de 2026 em Bogot\u00e1, Col\u00f4mbia, no dia 3 de mar\u00e7o, para comemorar o 20\u00ba anivers\u00e1rio do Grupo Interamericano de Monitores na Col\u00f4mbia (GMI-CO). O evento reuniu autoridades civis e militares, especialistas em a\u00e7\u00e3o contra minas e representantes [\u2026]<\/p>","protected":false},"author":18,"featured_media":46392,"comment_status":"closed","ping_status":"closed","sticky":false,"template":"","format":"standard","meta":{"footnotes":""},"categories":[13],"tags":[],"destacado":[361],"class_list":["post-46391","post","type-post","status-publish","format-standard","has-post-thumbnail","hentry","category-noticias","destacado-si"],"_links":{"self":[{"href":"https:\/\/jid.org\/pt\/wp-json\/wp\/v2\/posts\/46391","targetHints":{"allow":["GET"]}}],"collection":[{"href":"https:\/\/jid.org\/pt\/wp-json\/wp\/v2\/posts"}],"about":[{"href":"https:\/\/jid.org\/pt\/wp-json\/wp\/v2\/types\/post"}],"author":[{"embeddable":true,"href":"https:\/\/jid.org\/pt\/wp-json\/wp\/v2\/users\/18"}],"replies":[{"embeddable":true,"href":"https:\/\/jid.org\/pt\/wp-json\/wp\/v2\/comments?post=46391"}],"version-history":[{"count":1,"href":"https:\/\/jid.org\/pt\/wp-json\/wp\/v2\/posts\/46391\/revisions"}],"predecessor-version":[{"id":46397,"href":"https:\/\/jid.org\/pt\/wp-json\/wp\/v2\/posts\/46391\/revisions\/46397"}],"wp:featuredmedia":[{"embeddable":true,"href":"https:\/\/jid.org\/pt\/wp-json\/wp\/v2\/media\/46392"}],"wp:attachment":[{"href":"https:\/\/jid.org\/pt\/wp-json\/wp\/v2\/media?parent=46391"}],"wp:term":[{"taxonomy":"category","embeddable":true,"href":"https:\/\/jid.org\/pt\/wp-json\/wp\/v2\/categories?post=46391"},{"taxonomy":"post_tag","embeddable":true,"href":"https:\/\/jid.org\/pt\/wp-json\/wp\/v2\/tags?post=46391"},{"taxonomy":"destacado","embeddable":true,"href":"https:\/\/jid.org\/pt\/wp-json\/wp\/v2\/destacado?post=46391"}],"curies":[{"name":"wp","href":"https:\/\/api.w.org\/{rel}","templated":true}]}}