{"id":46398,"date":"2026-03-10T12:33:19","date_gmt":"2026-03-10T16:33:19","guid":{"rendered":"https:\/\/jid.org\/?p=46398"},"modified":"2026-03-10T12:33:20","modified_gmt":"2026-03-10T16:33:20","slug":"la-junta-interamericana-de-defensa-participo-en-la-reunion-preparatoria-de-la-xvii-conferencia-de-ministros-de-defensa-de-las-americas","status":"publish","type":"post","link":"https:\/\/jid.org\/pt\/la-junta-interamericana-de-defensa-participo-en-la-reunion-preparatoria-de-la-xvii-conferencia-de-ministros-de-defensa-de-las-americas\/","title":{"rendered":"A Junta Interamericana de Defesa participou da reuni\u00e3o preparat\u00f3ria para a XVII Confer\u00eancia de Ministros da Defesa das Am\u00e9ricas."},"content":{"rendered":"<p>De 1 a 3 de mar\u00e7o, a Junta Interamericana de Defesa (JID) participou da reuni\u00e3o preparat\u00f3ria da XVII Confer\u00eancia de Ministros da Defesa das Am\u00e9ricas (CMDA), um espa\u00e7o destinado a promover o di\u00e1logo e a coopera\u00e7\u00e3o em assuntos regionais de defesa e seguran\u00e7a.<\/p>\n\n\n\n<p>Durante a reuni\u00e3o, o BID apresentou os resultados obtidos pelo Mecanismo de Coopera\u00e7\u00e3o em Desastres (MECODE), cujo objetivo \u00e9 fornecer assist\u00eancia humanit\u00e1ria oportuna e organizada aos pa\u00edses membros em situa\u00e7\u00f5es de desastre ou emerg\u00eancia. Vale ressaltar que, a pedido da CMDA, a Organiza\u00e7\u00e3o dos Estados Americanos (OEA) delegou ao BID a responsabilidade pelo desenvolvimento e implementa\u00e7\u00e3o desse mecanismo.<\/p>\n\n\n\n<figure class=\"wp-block-image size-large\"><img fetchpriority=\"high\" decoding=\"async\" width=\"835\" height=\"1024\" src=\"https:\/\/jid.org\/wp-content\/uploads\/2026\/03\/2F-835x1024.jpeg\" alt=\"\" class=\"wp-image-46401\" srcset=\"https:\/\/jid.org\/wp-content\/uploads\/2026\/03\/2F-835x1024.jpeg 835w, https:\/\/jid.org\/wp-content\/uploads\/2026\/03\/2F-245x300.jpeg 245w, https:\/\/jid.org\/wp-content\/uploads\/2026\/03\/2F-768x942.jpeg 768w, https:\/\/jid.org\/wp-content\/uploads\/2026\/03\/2F-1252x1536.jpeg 1252w, https:\/\/jid.org\/wp-content\/uploads\/2026\/03\/2F-10x12.jpeg 10w, https:\/\/jid.org\/wp-content\/uploads\/2026\/03\/2F.jpeg 1565w\" sizes=\"(max-width: 835px) 100vw, 835px\" \/><\/figure>\n\n\n\n<p>Tamb\u00e9m foram anunciadas as atividades planejadas para 2026, incluindo o curso de Coordena\u00e7\u00e3o Humanit\u00e1ria Civil-Militar, desenvolvido em conjunto com o Escrit\u00f3rio das Na\u00e7\u00f5es Unidas para a Coordena\u00e7\u00e3o de Assuntos Humanit\u00e1rios (OCHA), e o exerc\u00edcio MECODEX \u2013 Brasil 2026.<\/p>\n\n\n\n<figure class=\"wp-block-image size-large is-resized\"><img decoding=\"async\" width=\"769\" height=\"1024\" src=\"https:\/\/jid.org\/wp-content\/uploads\/2026\/03\/3F-769x1024.jpeg\" alt=\"\" class=\"wp-image-46402\" style=\"width:840px;height:auto\" srcset=\"https:\/\/jid.org\/wp-content\/uploads\/2026\/03\/3F-769x1024.jpeg 769w, https:\/\/jid.org\/wp-content\/uploads\/2026\/03\/3F-225x300.jpeg 225w, https:\/\/jid.org\/wp-content\/uploads\/2026\/03\/3F-768x1023.jpeg 768w, https:\/\/jid.org\/wp-content\/uploads\/2026\/03\/3F-1153x1536.jpeg 1153w, https:\/\/jid.org\/wp-content\/uploads\/2026\/03\/3F-9x12.jpeg 9w, https:\/\/jid.org\/wp-content\/uploads\/2026\/03\/3F.jpeg 1441w\" sizes=\"(max-width: 769px) 100vw, 769px\" \/><\/figure>\n\n\n\n<p>O encontro tamb\u00e9m facilitou a coordena\u00e7\u00e3o de futuras reuni\u00f5es bilaterais entre a lideran\u00e7a do BID e as autoridades civis e militares dos pa\u00edses membros, com o objetivo de promover e fortalecer ainda mais a confian\u00e7a e a seguran\u00e7a hemisf\u00e9ricas.<\/p>\n\n\n\n<figure class=\"wp-block-image size-large\"><img decoding=\"async\" width=\"920\" height=\"1024\" src=\"https:\/\/jid.org\/wp-content\/uploads\/2026\/03\/4F-920x1024.jpeg\" alt=\"\" class=\"wp-image-46403\" srcset=\"https:\/\/jid.org\/wp-content\/uploads\/2026\/03\/4F-920x1024.jpeg 920w, https:\/\/jid.org\/wp-content\/uploads\/2026\/03\/4F-269x300.jpeg 269w, https:\/\/jid.org\/wp-content\/uploads\/2026\/03\/4F-768x855.jpeg 768w, https:\/\/jid.org\/wp-content\/uploads\/2026\/03\/4F-1380x1536.jpeg 1380w, https:\/\/jid.org\/wp-content\/uploads\/2026\/03\/4F-11x12.jpeg 11w, https:\/\/jid.org\/wp-content\/uploads\/2026\/03\/4F.jpeg 1500w\" sizes=\"(max-width: 920px) 100vw, 920px\" \/><\/figure>","protected":false},"excerpt":{"rendered":"<p>De 1 a 3 de mar\u00e7o, a Junta Interamericana de Defesa (JID) participou da reuni\u00e3o preparat\u00f3ria da XVII Confer\u00eancia de Ministros da Defesa das Am\u00e9ricas (CMDA), um f\u00f3rum que visa promover o di\u00e1logo e a coopera\u00e7\u00e3o em mat\u00e9ria de defesa e seguran\u00e7a regional. Durante a reuni\u00e3o, a JID apresentou os resultados obtidos em [\u2026]<\/p>","protected":false},"author":18,"featured_media":46399,"comment_status":"closed","ping_status":"closed","sticky":false,"template":"","format":"standard","meta":{"footnotes":""},"categories":[13],"tags":[],"destacado":[361],"class_list":["post-46398","post","type-post","status-publish","format-standard","has-post-thumbnail","hentry","category-noticias","destacado-si"],"_links":{"self":[{"href":"https:\/\/jid.org\/pt\/wp-json\/wp\/v2\/posts\/46398","targetHints":{"allow":["GET"]}}],"collection":[{"href":"https:\/\/jid.org\/pt\/wp-json\/wp\/v2\/posts"}],"about":[{"href":"https:\/\/jid.org\/pt\/wp-json\/wp\/v2\/types\/post"}],"author":[{"embeddable":true,"href":"https:\/\/jid.org\/pt\/wp-json\/wp\/v2\/users\/18"}],"replies":[{"embeddable":true,"href":"https:\/\/jid.org\/pt\/wp-json\/wp\/v2\/comments?post=46398"}],"version-history":[{"count":1,"href":"https:\/\/jid.org\/pt\/wp-json\/wp\/v2\/posts\/46398\/revisions"}],"predecessor-version":[{"id":46404,"href":"https:\/\/jid.org\/pt\/wp-json\/wp\/v2\/posts\/46398\/revisions\/46404"}],"wp:featuredmedia":[{"embeddable":true,"href":"https:\/\/jid.org\/pt\/wp-json\/wp\/v2\/media\/46399"}],"wp:attachment":[{"href":"https:\/\/jid.org\/pt\/wp-json\/wp\/v2\/media?parent=46398"}],"wp:term":[{"taxonomy":"category","embeddable":true,"href":"https:\/\/jid.org\/pt\/wp-json\/wp\/v2\/categories?post=46398"},{"taxonomy":"post_tag","embeddable":true,"href":"https:\/\/jid.org\/pt\/wp-json\/wp\/v2\/tags?post=46398"},{"taxonomy":"destacado","embeddable":true,"href":"https:\/\/jid.org\/pt\/wp-json\/wp\/v2\/destacado?post=46398"}],"curies":[{"name":"wp","href":"https:\/\/api.w.org\/{rel}","templated":true}]}}