{"id":47081,"date":"2026-09-01T08:56:37","date_gmt":"2026-09-01T12:56:37","guid":{"rendered":"https:\/\/jid.org\/?p=47081"},"modified":"2026-09-01T08:56:37","modified_gmt":"2026-09-01T12:56:37","slug":"curso-especial-de-defensa-nbqr-ii-promocion-2026","status":"publish","type":"post","link":"https:\/\/jid.org\/pt\/curso-especial-de-defensa-nbqr-ii-promocion-2026\/","title":{"rendered":"PROMO\u00c7\u00c3O DO CURSO ESPECIAL DE DEFESA CBRN II 2026"},"content":{"rendered":"<p>Del <strong>15 de julio al 28 de agosto<\/strong>, en Brasilia, se desarroll\u00f3 el <strong>Curso Especial de Defensa Nuclear, Biol\u00f3gica, Qu\u00edmica y Radiol\u00f3gica (NBQR)<\/strong> en las instalaciones del <strong>Tercer Batall\u00f3n de Defensa NBQR de la Marina de Brasil<\/strong>.<\/p>\n\n\n\n<figure class=\"wp-block-image size-large\"><img fetchpriority=\"high\" decoding=\"async\" width=\"1024\" height=\"768\" src=\"https:\/\/jid.org\/wp-content\/uploads\/2026\/09\/WhatsApp-Image-2026-09-01-at-08.32.40-1-1024x768.jpeg\" alt=\"\" class=\"wp-image-47083\" srcset=\"https:\/\/jid.org\/wp-content\/uploads\/2026\/09\/WhatsApp-Image-2026-09-01-at-08.32.40-1-1024x768.jpeg 1024w, https:\/\/jid.org\/wp-content\/uploads\/2026\/09\/WhatsApp-Image-2026-09-01-at-08.32.40-1-300x225.jpeg 300w, https:\/\/jid.org\/wp-content\/uploads\/2026\/09\/WhatsApp-Image-2026-09-01-at-08.32.40-1-768x576.jpeg 768w, https:\/\/jid.org\/wp-content\/uploads\/2026\/09\/WhatsApp-Image-2026-09-01-at-08.32.40-1-16x12.jpeg 16w, https:\/\/jid.org\/wp-content\/uploads\/2026\/09\/WhatsApp-Image-2026-09-01-at-08.32.40-1.jpeg 1280w\" sizes=\"(max-width: 1024px) 100vw, 1024px\" \/><\/figure>\n\n\n\n<p>La capacitaci\u00f3n reuni\u00f3 a <strong>22 participantes<\/strong>, incluyendo personal de la Marina de Brasil, fuerzas amigas y militares de <strong>Paraguay, Honduras y Colombia<\/strong>, fortaleciendo el intercambio profesional y la cooperaci\u00f3n internacional.<\/p>\n\n\n\n<figure class=\"wp-block-image size-large is-resized\"><img decoding=\"async\" width=\"576\" height=\"1024\" src=\"https:\/\/jid.org\/wp-content\/uploads\/2026\/09\/WhatsApp-Image-2026-09-01-at-08.32.40-2-576x1024.jpeg\" alt=\"\" class=\"wp-image-47084\" style=\"width:840px;height:auto\" srcset=\"https:\/\/jid.org\/wp-content\/uploads\/2026\/09\/WhatsApp-Image-2026-09-01-at-08.32.40-2-576x1024.jpeg 576w, https:\/\/jid.org\/wp-content\/uploads\/2026\/09\/WhatsApp-Image-2026-09-01-at-08.32.40-2-169x300.jpeg 169w, https:\/\/jid.org\/wp-content\/uploads\/2026\/09\/WhatsApp-Image-2026-09-01-at-08.32.40-2-7x12.jpeg 7w, https:\/\/jid.org\/wp-content\/uploads\/2026\/09\/WhatsApp-Image-2026-09-01-at-08.32.40-2.jpeg 720w\" sizes=\"(max-width: 576px) 100vw, 576px\" \/><\/figure>\n\n\n\n<p>Durante siete semanas y <strong>210 horas de instrucci\u00f3n<\/strong>, los participantes profundizaron conocimientos y desarrollaron capacidades en:<\/p>\n\n\n\n<p>\u2022 Fundamentos de Defensa NBQR.<br>\u2022 Defensa Nuclear y Radiol\u00f3gica.<br>\u2022 Defensa Qu\u00edmica y Biol\u00f3gica.<br>\u2022 Detecci\u00f3n e identificaci\u00f3n de amenazas.<br>\u2022 Empleo de Equipamiento de Protecci\u00f3n Personal.<br>\u2022 Reconocimiento especializado.<br>\u2022 Planificaci\u00f3n y predicci\u00f3n NBQR.<br>\u2022 Procedimientos de descontaminaci\u00f3n operacional.<\/p>\n\n\n\n<figure class=\"wp-block-image size-large is-resized\"><img decoding=\"async\" width=\"769\" height=\"1024\" src=\"https:\/\/jid.org\/wp-content\/uploads\/2026\/09\/WhatsApp-Image-2026-09-01-at-08.32.40-769x1024.jpeg\" alt=\"\" class=\"wp-image-47085\" style=\"width:840px;height:auto\" srcset=\"https:\/\/jid.org\/wp-content\/uploads\/2026\/09\/WhatsApp-Image-2026-09-01-at-08.32.40-769x1024.jpeg 769w, https:\/\/jid.org\/wp-content\/uploads\/2026\/09\/WhatsApp-Image-2026-09-01-at-08.32.40-225x300.jpeg 225w, https:\/\/jid.org\/wp-content\/uploads\/2026\/09\/WhatsApp-Image-2026-09-01-at-08.32.40-768x1023.jpeg 768w, https:\/\/jid.org\/wp-content\/uploads\/2026\/09\/WhatsApp-Image-2026-09-01-at-08.32.40-1153x1536.jpeg 1153w, https:\/\/jid.org\/wp-content\/uploads\/2026\/09\/WhatsApp-Image-2026-09-01-at-08.32.40-9x12.jpeg 9w, https:\/\/jid.org\/wp-content\/uploads\/2026\/09\/WhatsApp-Image-2026-09-01-at-08.32.40.jpeg 1201w\" sizes=\"(max-width: 769px) 100vw, 769px\" \/><\/figure>\n\n\n\n<p>El programa combin\u00f3 formaci\u00f3n te\u00f3rica, entrenamiento pr\u00e1ctico, empleo de equipos especializados, visitas profesionales y conferencias impartidas por autoridades y especialistas.<\/p>\n\n\n\n<p>La culminaci\u00f3n satisfactoria del curso permiti\u00f3 <strong>fortalecer las capacidades operativas y doctrinales para la prevenci\u00f3n, detecci\u00f3n, mitigaci\u00f3n y respuesta ante amenazas NBQR<\/strong>, contribuyendo adem\u00e1s a incrementar la <strong>interoperabilidad, integraci\u00f3n y cooperaci\u00f3n entre las Fuerzas Armadas de los pa\u00edses participantes<\/strong>.<\/p>\n\n\n\n<figure class=\"wp-block-image size-large\"><img loading=\"lazy\" decoding=\"async\" width=\"1024\" height=\"768\" src=\"https:\/\/jid.org\/wp-content\/uploads\/2026\/09\/WhatsApp-Image-2026-09-01-at-08.32.41-1-1024x768.jpeg\" alt=\"\" class=\"wp-image-47086\" srcset=\"https:\/\/jid.org\/wp-content\/uploads\/2026\/09\/WhatsApp-Image-2026-09-01-at-08.32.41-1-1024x768.jpeg 1024w, https:\/\/jid.org\/wp-content\/uploads\/2026\/09\/WhatsApp-Image-2026-09-01-at-08.32.41-1-300x225.jpeg 300w, https:\/\/jid.org\/wp-content\/uploads\/2026\/09\/WhatsApp-Image-2026-09-01-at-08.32.41-1-768x576.jpeg 768w, https:\/\/jid.org\/wp-content\/uploads\/2026\/09\/WhatsApp-Image-2026-09-01-at-08.32.41-1-1536x1152.jpeg 1536w, https:\/\/jid.org\/wp-content\/uploads\/2026\/09\/WhatsApp-Image-2026-09-01-at-08.32.41-1-16x12.jpeg 16w, https:\/\/jid.org\/wp-content\/uploads\/2026\/09\/WhatsApp-Image-2026-09-01-at-08.32.41-1.jpeg 1600w\" sizes=\"(max-width: 1024px) 100vw, 1024px\" \/><\/figure>\n\n\n\n<p><strong>La preparaci\u00f3n especializada y la cooperaci\u00f3n internacional constituyen herramientas fundamentales para enfrentar de manera coordinada los desaf\u00edos actuales en materia de defensa y seguridad.<\/strong><\/p>","protected":false},"excerpt":{"rendered":"<p>Del 15 de julio al 28 de agosto, en Brasilia, se desarroll\u00f3 el Curso Especial de Defensa Nuclear, Biol\u00f3gica, Qu\u00edmica y Radiol\u00f3gica (NBQR) en las instalaciones del Tercer Batall\u00f3n de Defensa NBQR de la Marina de Brasil. La capacitaci\u00f3n reuni\u00f3 a 22 participantes, incluyendo personal de la Marina de Brasil, fuerzas amigas y militares de [&hellip;]<\/p>","protected":false},"author":18,"featured_media":47082,"comment_status":"closed","ping_status":"closed","sticky":false,"template":"","format":"standard","meta":{"footnotes":""},"categories":[13],"tags":[],"destacado":[361],"class_list":["post-47081","post","type-post","status-publish","format-standard","has-post-thumbnail","hentry","category-noticias","destacado-si"],"_links":{"self":[{"href":"https:\/\/jid.org\/pt\/wp-json\/wp\/v2\/posts\/47081","targetHints":{"allow":["GET"]}}],"collection":[{"href":"https:\/\/jid.org\/pt\/wp-json\/wp\/v2\/posts"}],"about":[{"href":"https:\/\/jid.org\/pt\/wp-json\/wp\/v2\/types\/post"}],"author":[{"embeddable":true,"href":"https:\/\/jid.org\/pt\/wp-json\/wp\/v2\/users\/18"}],"replies":[{"embeddable":true,"href":"https:\/\/jid.org\/pt\/wp-json\/wp\/v2\/comments?post=47081"}],"version-history":[{"count":1,"href":"https:\/\/jid.org\/pt\/wp-json\/wp\/v2\/posts\/47081\/revisions"}],"predecessor-version":[{"id":47087,"href":"https:\/\/jid.org\/pt\/wp-json\/wp\/v2\/posts\/47081\/revisions\/47087"}],"wp:featuredmedia":[{"embeddable":true,"href":"https:\/\/jid.org\/pt\/wp-json\/wp\/v2\/media\/47082"}],"wp:attachment":[{"href":"https:\/\/jid.org\/pt\/wp-json\/wp\/v2\/media?parent=47081"}],"wp:term":[{"taxonomy":"category","embeddable":true,"href":"https:\/\/jid.org\/pt\/wp-json\/wp\/v2\/categories?post=47081"},{"taxonomy":"post_tag","embeddable":true,"href":"https:\/\/jid.org\/pt\/wp-json\/wp\/v2\/tags?post=47081"},{"taxonomy":"destacado","embeddable":true,"href":"https:\/\/jid.org\/pt\/wp-json\/wp\/v2\/destacado?post=47081"}],"curies":[{"name":"wp","href":"https:\/\/api.w.org\/{rel}","templated":true}]}}