{"id":4839,"date":"2019-08-28T12:08:53","date_gmt":"2019-08-28T16:08:53","guid":{"rendered":"https:\/\/opanlcom-cp6.wordpresstemporal.com\/JID\/?p=4839"},"modified":"2019-09-16T10:23:24","modified_gmt":"2019-09-16T14:23:24","slug":"jid-participa-en-la-conferencia-de-defensa-sudamericana","status":"publish","type":"post","link":"https:\/\/jid.org\/pt\/jid-participa-en-la-conferencia-de-defensa-sudamericana\/","title":{"rendered":"JID participa da Confer\u00eancia Sul-Americana de Defesa"},"content":{"rendered":"<p>Nos dias 21 e 22 de agosto o Presidente do Conselho de Delegados da Junta Interamericana de Defesa <strong>General Luciano Jos\u00e9 Penna<\/strong>, participou da sexta edi\u00e7\u00e3o da Confer\u00eancia Sul-Americana de Defesa (SOUTHDEC), realizada em Natal, Brasil.<\/p>\n<p>O tema central da Confer\u00eancia foi \u201cCoopera\u00e7\u00e3o regional na \u00e1rea de defesa em resposta aos desafios hemisf\u00e9ricos\u201d e permitiu debates sobre a situa\u00e7\u00e3o atual na Venezuela, assist\u00eancia humanit\u00e1ria aos refugiados, formas de combater amea\u00e7as transnacionais e respostas a desastres naturais .<\/p>\n<p>O evento contou com a presen\u00e7a do Ministro da Defesa do Brasil, dos Chefes de Defesa da Argentina, Brasil, Chile, Col\u00f4mbia, Equador, Paraguai, Peru, Suriname e Uruguai, al\u00e9m do Comandante Sul dos Estados Unidos.<\/p>\n<h3 style=\"text-align: center\">foto<\/h3>\n<div id='gallery-1' class='gallery galleryid-4839 gallery-columns-1 gallery-size-large'><figure class='gallery-item'>\n\t\t\t<div class='gallery-icon landscape'>\n\t\t\t\t<a href='https:\/\/jid.org\/wp-content\/uploads\/2019\/08\/FOTO-2-1.png'><img fetchpriority=\"high\" decoding=\"async\" width=\"708\" height=\"657\" src=\"https:\/\/jid.org\/wp-content\/uploads\/2019\/08\/FOTO-2-1.png\" class=\"attachment-large size-large\" alt=\"\" srcset=\"https:\/\/jid.org\/wp-content\/uploads\/2019\/08\/FOTO-2-1.png 708w, https:\/\/jid.org\/wp-content\/uploads\/2019\/08\/FOTO-2-1-300x278.png 300w\" sizes=\"(max-width: 708px) 100vw, 708px\" \/><\/a>\n\t\t\t<\/div><\/figure>\n\t\t<\/div>","protected":false},"excerpt":{"rendered":"<p>Nos dias 21 e 22 de agosto, o Presidente do Conselho de Delegados da Junta Interamericana de Defesa, General Luciano Jos\u00e9 Penna, participou da sexta edi\u00e7\u00e3o da Confer\u00eancia Sul-Americana de Defesa (SOUTHDEC), realizada em Natal, Brasil. O tema central da Confer\u00eancia foi \u00abCoopera\u00e7\u00e3o regional na \u00e1rea de defesa em resposta [\u2026]<\/p>","protected":false},"author":28,"featured_media":5031,"comment_status":"closed","ping_status":"closed","sticky":false,"template":"","format":"standard","meta":{"footnotes":""},"categories":[13],"tags":[],"destacado":[],"class_list":["post-4839","post","type-post","status-publish","format-standard","has-post-thumbnail","hentry","category-noticias"],"_links":{"self":[{"href":"https:\/\/jid.org\/pt\/wp-json\/wp\/v2\/posts\/4839","targetHints":{"allow":["GET"]}}],"collection":[{"href":"https:\/\/jid.org\/pt\/wp-json\/wp\/v2\/posts"}],"about":[{"href":"https:\/\/jid.org\/pt\/wp-json\/wp\/v2\/types\/post"}],"author":[{"embeddable":true,"href":"https:\/\/jid.org\/pt\/wp-json\/wp\/v2\/users\/28"}],"replies":[{"embeddable":true,"href":"https:\/\/jid.org\/pt\/wp-json\/wp\/v2\/comments?post=4839"}],"version-history":[{"count":0,"href":"https:\/\/jid.org\/pt\/wp-json\/wp\/v2\/posts\/4839\/revisions"}],"wp:featuredmedia":[{"embeddable":true,"href":"https:\/\/jid.org\/pt\/wp-json\/wp\/v2\/media\/5031"}],"wp:attachment":[{"href":"https:\/\/jid.org\/pt\/wp-json\/wp\/v2\/media?parent=4839"}],"wp:term":[{"taxonomy":"category","embeddable":true,"href":"https:\/\/jid.org\/pt\/wp-json\/wp\/v2\/categories?post=4839"},{"taxonomy":"post_tag","embeddable":true,"href":"https:\/\/jid.org\/pt\/wp-json\/wp\/v2\/tags?post=4839"},{"taxonomy":"destacado","embeddable":true,"href":"https:\/\/jid.org\/pt\/wp-json\/wp\/v2\/destacado?post=4839"}],"curies":[{"name":"wp","href":"https:\/\/api.w.org\/{rel}","templated":true}]}}