{"id":4953,"date":"2019-09-05T14:01:55","date_gmt":"2019-09-05T18:01:55","guid":{"rendered":"https:\/\/opanlcom-cp6.wordpresstemporal.com\/JID\/?p=4953"},"modified":"2019-09-05T14:01:55","modified_gmt":"2019-09-05T18:01:55","slug":"v-simposio-internacional-de-seguridad-y-defensa-sisede-2019","status":"publish","type":"post","link":"https:\/\/jid.org\/pt\/v-simposio-internacional-de-seguridad-y-defensa-sisede-2019\/","title":{"rendered":"V Simp\u00f3sio Internacional de Seguran\u00e7a e Defesa (SISEDE 2019)"},"content":{"rendered":"<p>O V Simp\u00f3sio Internacional de Seguran\u00e7a e Defesa ser\u00e1 realizado em Lima, Peru, de 25 a 27 de setembro.<\/p>","protected":false},"excerpt":{"rendered":"<p>O V Simp\u00f3sio Internacional de Seguran\u00e7a e Defesa ser\u00e1 realizado em Lima, Peru, de 25 a 27 de setembro.<\/p>","protected":false},"author":28,"featured_media":4955,"comment_status":"closed","ping_status":"closed","sticky":false,"template":"","format":"standard","meta":{"footnotes":""},"categories":[13],"tags":[],"destacado":[],"class_list":["post-4953","post","type-post","status-publish","format-standard","has-post-thumbnail","hentry","category-noticias"],"_links":{"self":[{"href":"https:\/\/jid.org\/pt\/wp-json\/wp\/v2\/posts\/4953","targetHints":{"allow":["GET"]}}],"collection":[{"href":"https:\/\/jid.org\/pt\/wp-json\/wp\/v2\/posts"}],"about":[{"href":"https:\/\/jid.org\/pt\/wp-json\/wp\/v2\/types\/post"}],"author":[{"embeddable":true,"href":"https:\/\/jid.org\/pt\/wp-json\/wp\/v2\/users\/28"}],"replies":[{"embeddable":true,"href":"https:\/\/jid.org\/pt\/wp-json\/wp\/v2\/comments?post=4953"}],"version-history":[{"count":0,"href":"https:\/\/jid.org\/pt\/wp-json\/wp\/v2\/posts\/4953\/revisions"}],"wp:featuredmedia":[{"embeddable":true,"href":"https:\/\/jid.org\/pt\/wp-json\/wp\/v2\/media\/4955"}],"wp:attachment":[{"href":"https:\/\/jid.org\/pt\/wp-json\/wp\/v2\/media?parent=4953"}],"wp:term":[{"taxonomy":"category","embeddable":true,"href":"https:\/\/jid.org\/pt\/wp-json\/wp\/v2\/categories?post=4953"},{"taxonomy":"post_tag","embeddable":true,"href":"https:\/\/jid.org\/pt\/wp-json\/wp\/v2\/tags?post=4953"},{"taxonomy":"destacado","embeddable":true,"href":"https:\/\/jid.org\/pt\/wp-json\/wp\/v2\/destacado?post=4953"}],"curies":[{"name":"wp","href":"https:\/\/api.w.org\/{rel}","templated":true}]}}