{"id":5141,"date":"2019-09-20T12:54:57","date_gmt":"2019-09-20T16:54:57","guid":{"rendered":"https:\/\/opanlcom-cp6.wordpresstemporal.com\/JID\/?p=5141"},"modified":"2019-09-20T13:06:26","modified_gmt":"2019-09-20T17:06:26","slug":"informe-sobre-la-conferencia-de-defensa-cibernetica","status":"publish","type":"post","link":"https:\/\/jid.org\/pt\/informe-sobre-la-conferencia-de-defensa-cibernetica\/","title":{"rendered":"Relat\u00f3rio da Confer\u00eancia de Defesa Cibern\u00e9tica"},"content":{"rendered":"<p>A Confer\u00eancia de Defesa Cibern\u00e9tica de 2019 reuniu 170 altos funcion\u00e1rios militares, governamentais, acad\u00eamicos e do setor privado, representando 25 pa\u00edses com a inten\u00e7\u00e3o estrat\u00e9gica de permitir uma maior coopera\u00e7\u00e3o cibern\u00e9tica nas Am\u00e9ricas. Para mais informa\u00e7\u00f5es sobre este evento, clique\u00a0<a href=\"https:\/\/drive.google.com\/file\/d\/1zTVSJuPQD-4I7AkxxSBDcBUE84SlHvuc\/view\" rel=\"noopener noreferrer nofollow\" target=\"_blank\">Clique aqui<\/a>.<\/p>","protected":false},"excerpt":{"rendered":"<p>A Confer\u00eancia de Defesa Cibern\u00e9tica de 2019 reuniu 170 altos funcion\u00e1rios militares, governamentais, acad\u00eamicos e do setor privado, representando 25 pa\u00edses com a inten\u00e7\u00e3o estrat\u00e9gica de permitir uma maior coopera\u00e7\u00e3o cibern\u00e9tica nas Am\u00e9ricas. Para mais informa\u00e7\u00f5es sobre este evento, clique aqui.<\/p>","protected":false},"author":28,"featured_media":5143,"comment_status":"closed","ping_status":"closed","sticky":false,"template":"","format":"standard","meta":{"footnotes":""},"categories":[13],"tags":[],"destacado":[],"class_list":["post-5141","post","type-post","status-publish","format-standard","has-post-thumbnail","hentry","category-noticias"],"_links":{"self":[{"href":"https:\/\/jid.org\/pt\/wp-json\/wp\/v2\/posts\/5141","targetHints":{"allow":["GET"]}}],"collection":[{"href":"https:\/\/jid.org\/pt\/wp-json\/wp\/v2\/posts"}],"about":[{"href":"https:\/\/jid.org\/pt\/wp-json\/wp\/v2\/types\/post"}],"author":[{"embeddable":true,"href":"https:\/\/jid.org\/pt\/wp-json\/wp\/v2\/users\/28"}],"replies":[{"embeddable":true,"href":"https:\/\/jid.org\/pt\/wp-json\/wp\/v2\/comments?post=5141"}],"version-history":[{"count":0,"href":"https:\/\/jid.org\/pt\/wp-json\/wp\/v2\/posts\/5141\/revisions"}],"wp:featuredmedia":[{"embeddable":true,"href":"https:\/\/jid.org\/pt\/wp-json\/wp\/v2\/media\/5143"}],"wp:attachment":[{"href":"https:\/\/jid.org\/pt\/wp-json\/wp\/v2\/media?parent=5141"}],"wp:term":[{"taxonomy":"category","embeddable":true,"href":"https:\/\/jid.org\/pt\/wp-json\/wp\/v2\/categories?post=5141"},{"taxonomy":"post_tag","embeddable":true,"href":"https:\/\/jid.org\/pt\/wp-json\/wp\/v2\/tags?post=5141"},{"taxonomy":"destacado","embeddable":true,"href":"https:\/\/jid.org\/pt\/wp-json\/wp\/v2\/destacado?post=5141"}],"curies":[{"name":"wp","href":"https:\/\/api.w.org\/{rel}","templated":true}]}}