{"id":5204,"date":"2019-10-01T09:51:58","date_gmt":"2019-10-01T13:51:58","guid":{"rendered":"https:\/\/opanlcom-cp6.wordpresstemporal.com\/JID\/?p=5204"},"modified":"2019-10-01T10:05:09","modified_gmt":"2019-10-01T14:05:09","slug":"jid-participo-en-vii-cnie-interoperabilidad","status":"publish","type":"post","link":"https:\/\/jid.org\/pt\/jid-participo-en-vii-cnie-interoperabilidad\/","title":{"rendered":"JID PARTICIPOU DO VII CNIE \u2013 INTEROPERABILIDADE"},"content":{"rendered":"<p>A Junta Interamericana de Defesa (JID), na qualidade de membro observador da Confer\u00eancia Naval Interamericana (CNI), foi convidada a participar da VII Confer\u00eancia Naval Especializada Interamericana sobre Interoperabilidade (CNIE-I), que ocorreu em setembro 9 a 13, em Salinas \u2013 Equador. Nesta atividade, a JID foi representada pelo Chefe da Se\u00e7\u00e3o de Situa\u00e7\u00e3o Hemisf\u00e9rica desta Junta, o <strong>Capit\u00e3o Carlos Pesantes Venturi <\/strong>da Marinha do Peru.<\/p>\n<p>O foco principal ao longo do evento foi a an\u00e1lise das opera\u00e7\u00f5es em resposta a diferentes situa\u00e7\u00f5es atuais, como o combate aos il\u00edcitos transnacionais e a ajuda humanit\u00e1ria, atrav\u00e9s das For\u00e7as Navais formadas por unidades de diferentes pa\u00edses, procurando complementar as capacidades com uso de doutrina comum. para facilitar esfor\u00e7os conjuntos.<\/p>\n<p>Participaram do VII CNIE-I membros das For\u00e7as Armadas da Argentina, Bol\u00edvia, Brasil, Chile, Col\u00f4mbia, Equador, Estados Unidos da Am\u00e9rica, M\u00e9xico, Peru e Uruguai. Al\u00e9m do Comandante Geral da Marinha do Equador, o <strong>Contra-almirante Darwin Jarr\u00edn Cisneros<\/strong>; e o Comandante de Opera\u00e7\u00f5es Navais e Chefe da Primeira Zona Naval, <strong>Contra-Almirante Am\u00edlcar Villavicencio Palacios<\/strong>.<\/p>\n<h3 style=\"text-align: center\">Fotos<\/h3>\n<div id='gallery-1' class='gallery galleryid-5204 gallery-columns-2 gallery-size-large'><figure class='gallery-item'>\n\t\t\t<div class='gallery-icon landscape'>\n\t\t\t\t<a href='https:\/\/jid.org\/wp-content\/uploads\/2019\/10\/IMG_1290.jpg'><img fetchpriority=\"high\" decoding=\"async\" width=\"800\" height=\"534\" src=\"https:\/\/jid.org\/wp-content\/uploads\/2019\/10\/IMG_1290-1024x683.jpg\" class=\"attachment-large size-large\" alt=\"\" srcset=\"https:\/\/jid.org\/wp-content\/uploads\/2019\/10\/IMG_1290-1024x683.jpg 1024w, https:\/\/jid.org\/wp-content\/uploads\/2019\/10\/IMG_1290-300x200.jpg 300w, https:\/\/jid.org\/wp-content\/uploads\/2019\/10\/IMG_1290-768x512.jpg 768w\" sizes=\"(max-width: 800px) 100vw, 800px\" \/><\/a>\n\t\t\t<\/div><\/figure><figure class='gallery-item'>\n\t\t\t<div class='gallery-icon landscape'>\n\t\t\t\t<a href='https:\/\/jid.org\/wp-content\/uploads\/2019\/10\/IMG_1048.jpg'><img decoding=\"async\" width=\"800\" height=\"534\" src=\"https:\/\/jid.org\/wp-content\/uploads\/2019\/10\/IMG_1048-1024x683.jpg\" class=\"attachment-large size-large\" alt=\"\" srcset=\"https:\/\/jid.org\/wp-content\/uploads\/2019\/10\/IMG_1048-1024x683.jpg 1024w, https:\/\/jid.org\/wp-content\/uploads\/2019\/10\/IMG_1048-300x200.jpg 300w, https:\/\/jid.org\/wp-content\/uploads\/2019\/10\/IMG_1048-768x512.jpg 768w\" sizes=\"(max-width: 800px) 100vw, 800px\" \/><\/a>\n\t\t\t<\/div><\/figure>\n\t\t<\/div>","protected":false},"excerpt":{"rendered":"<p>A Junta Interamericana de Defesa (IAJ), na qualidade de membro observador da Confer\u00eancia Naval Interamericana (CNI), foi convidada a participar da VII Confer\u00eancia Naval Especializada Interamericana sobre Interoperabilidade (CNIE-I), que ocorreu em setembro 9 a 13, em Salinas \u2013 Equador. Nesta atividade, a JID foi representada pelo Chefe da Se\u00e7\u00e3o [\u2026]<\/p>","protected":false},"author":28,"featured_media":5208,"comment_status":"closed","ping_status":"closed","sticky":false,"template":"","format":"standard","meta":{"footnotes":""},"categories":[13],"tags":[],"destacado":[],"class_list":["post-5204","post","type-post","status-publish","format-standard","has-post-thumbnail","hentry","category-noticias"],"_links":{"self":[{"href":"https:\/\/jid.org\/pt\/wp-json\/wp\/v2\/posts\/5204","targetHints":{"allow":["GET"]}}],"collection":[{"href":"https:\/\/jid.org\/pt\/wp-json\/wp\/v2\/posts"}],"about":[{"href":"https:\/\/jid.org\/pt\/wp-json\/wp\/v2\/types\/post"}],"author":[{"embeddable":true,"href":"https:\/\/jid.org\/pt\/wp-json\/wp\/v2\/users\/28"}],"replies":[{"embeddable":true,"href":"https:\/\/jid.org\/pt\/wp-json\/wp\/v2\/comments?post=5204"}],"version-history":[{"count":0,"href":"https:\/\/jid.org\/pt\/wp-json\/wp\/v2\/posts\/5204\/revisions"}],"wp:featuredmedia":[{"embeddable":true,"href":"https:\/\/jid.org\/pt\/wp-json\/wp\/v2\/media\/5208"}],"wp:attachment":[{"href":"https:\/\/jid.org\/pt\/wp-json\/wp\/v2\/media?parent=5204"}],"wp:term":[{"taxonomy":"category","embeddable":true,"href":"https:\/\/jid.org\/pt\/wp-json\/wp\/v2\/categories?post=5204"},{"taxonomy":"post_tag","embeddable":true,"href":"https:\/\/jid.org\/pt\/wp-json\/wp\/v2\/tags?post=5204"},{"taxonomy":"destacado","embeddable":true,"href":"https:\/\/jid.org\/pt\/wp-json\/wp\/v2\/destacado?post=5204"}],"curies":[{"name":"wp","href":"https:\/\/api.w.org\/{rel}","templated":true}]}}