{"id":5294,"date":"2019-10-09T15:32:34","date_gmt":"2019-10-09T19:32:34","guid":{"rendered":"https:\/\/opanlcom-cp6.wordpresstemporal.com\/JID\/?p=5294"},"modified":"2019-10-09T15:33:02","modified_gmt":"2019-10-09T19:33:02","slug":"5294","status":"publish","type":"post","link":"https:\/\/jid.org\/pt\/5294\/","title":{"rendered":"JID participa do XII CNIE-DI"},"content":{"rendered":"<p>A Junta Interamericana de Defesa (JID) participou da XII Confer\u00eancia Naval Especializada Interamericana de Diretores de Intelig\u00eancia (CNIE-DI), realizada em Bogot\u00e1, Col\u00f4mbia, de 23 a 27 de setembro.<\/p>\n<p>Almirantes e altos funcion\u00e1rios de 17 pa\u00edses estiveram presentes na Confer\u00eancia. A JID foi representada pelo Chefe da Divis\u00e3o de An\u00e1lise e Gest\u00e3o da Informa\u00e7\u00e3o da Junta, <strong>Coronel Francisco Ismael P\u00e9rez Gonz\u00e1lez<\/strong>.<\/p>\n<p>A atividade permitiu analisar e propor a\u00e7\u00f5es para enfrentar as amea\u00e7as transnacionais que podem afetar a seguran\u00e7a, as economias e as sociedades hemisf\u00e9ricas, como o crescimento da pesca ilegal, o tr\u00e1fico de drogas, o tr\u00e1fico de armas e a imigra\u00e7\u00e3o.<\/p>\n<h3 style=\"text-align: center\">Fotos<\/h3>\n<div id='gallery-1' class='gallery galleryid-5294 gallery-columns-2 gallery-size-large'><figure class='gallery-item'>\n\t\t\t<div class='gallery-icon landscape'>\n\t\t\t\t<a href='https:\/\/jid.org\/wp-content\/uploads\/2019\/10\/DSC_3815.jpg'><img fetchpriority=\"high\" decoding=\"async\" width=\"800\" height=\"532\" src=\"https:\/\/jid.org\/wp-content\/uploads\/2019\/10\/DSC_3815-1024x681.jpg\" class=\"attachment-large size-large\" alt=\"\" srcset=\"https:\/\/jid.org\/wp-content\/uploads\/2019\/10\/DSC_3815-1024x681.jpg 1024w, https:\/\/jid.org\/wp-content\/uploads\/2019\/10\/DSC_3815-300x199.jpg 300w, https:\/\/jid.org\/wp-content\/uploads\/2019\/10\/DSC_3815-768x511.jpg 768w\" sizes=\"(max-width: 800px) 100vw, 800px\" \/><\/a>\n\t\t\t<\/div><\/figure><figure class='gallery-item'>\n\t\t\t<div class='gallery-icon landscape'>\n\t\t\t\t<a href='https:\/\/jid.org\/wp-content\/uploads\/2019\/10\/DSC_3823.jpg'><img decoding=\"async\" width=\"800\" height=\"532\" src=\"https:\/\/jid.org\/wp-content\/uploads\/2019\/10\/DSC_3823-1024x681.jpg\" class=\"attachment-large size-large\" alt=\"\" srcset=\"https:\/\/jid.org\/wp-content\/uploads\/2019\/10\/DSC_3823-1024x681.jpg 1024w, https:\/\/jid.org\/wp-content\/uploads\/2019\/10\/DSC_3823-300x199.jpg 300w, https:\/\/jid.org\/wp-content\/uploads\/2019\/10\/DSC_3823-768x511.jpg 768w\" sizes=\"(max-width: 800px) 100vw, 800px\" \/><\/a>\n\t\t\t<\/div><\/figure><figure class='gallery-item'>\n\t\t\t<div class='gallery-icon landscape'>\n\t\t\t\t<a href='https:\/\/jid.org\/wp-content\/uploads\/2019\/10\/DSC_6139.jpg'><img decoding=\"async\" width=\"800\" height=\"534\" src=\"https:\/\/jid.org\/wp-content\/uploads\/2019\/10\/DSC_6139-1024x683.jpg\" class=\"attachment-large size-large\" alt=\"\" srcset=\"https:\/\/jid.org\/wp-content\/uploads\/2019\/10\/DSC_6139-1024x683.jpg 1024w, https:\/\/jid.org\/wp-content\/uploads\/2019\/10\/DSC_6139-300x200.jpg 300w, https:\/\/jid.org\/wp-content\/uploads\/2019\/10\/DSC_6139-768x513.jpg 768w\" sizes=\"(max-width: 800px) 100vw, 800px\" \/><\/a>\n\t\t\t<\/div><\/figure><figure class='gallery-item'>\n\t\t\t<div class='gallery-icon landscape'>\n\t\t\t\t<a href='https:\/\/jid.org\/wp-content\/uploads\/2019\/10\/DSC_6173.jpg'><img loading=\"lazy\" decoding=\"async\" width=\"800\" height=\"534\" src=\"https:\/\/jid.org\/wp-content\/uploads\/2019\/10\/DSC_6173-1024x683.jpg\" class=\"attachment-large size-large\" alt=\"\" srcset=\"https:\/\/jid.org\/wp-content\/uploads\/2019\/10\/DSC_6173-1024x683.jpg 1024w, https:\/\/jid.org\/wp-content\/uploads\/2019\/10\/DSC_6173-300x200.jpg 300w, https:\/\/jid.org\/wp-content\/uploads\/2019\/10\/DSC_6173-768x513.jpg 768w\" sizes=\"(max-width: 800px) 100vw, 800px\" \/><\/a>\n\t\t\t<\/div><\/figure>\n\t\t<\/div>","protected":false},"excerpt":{"rendered":"<p>A Junta Interamericana de Defesa (JID) participou da XII Confer\u00eancia Naval Especializada Interamericana de Diretores de Intelig\u00eancia (CNIE-DI), realizada em Bogot\u00e1, Col\u00f4mbia, de 23 a 27 de setembro. Almirantes e altos funcion\u00e1rios de 17 pa\u00edses estiveram presentes na Confer\u00eancia. A JID foi representada pelo Chefe da Divis\u00e3o de An\u00e1lise [\u2026]<\/p>","protected":false},"author":28,"featured_media":5281,"comment_status":"closed","ping_status":"closed","sticky":false,"template":"","format":"standard","meta":{"footnotes":""},"categories":[13],"tags":[],"destacado":[],"class_list":["post-5294","post","type-post","status-publish","format-standard","has-post-thumbnail","hentry","category-noticias"],"_links":{"self":[{"href":"https:\/\/jid.org\/pt\/wp-json\/wp\/v2\/posts\/5294","targetHints":{"allow":["GET"]}}],"collection":[{"href":"https:\/\/jid.org\/pt\/wp-json\/wp\/v2\/posts"}],"about":[{"href":"https:\/\/jid.org\/pt\/wp-json\/wp\/v2\/types\/post"}],"author":[{"embeddable":true,"href":"https:\/\/jid.org\/pt\/wp-json\/wp\/v2\/users\/28"}],"replies":[{"embeddable":true,"href":"https:\/\/jid.org\/pt\/wp-json\/wp\/v2\/comments?post=5294"}],"version-history":[{"count":0,"href":"https:\/\/jid.org\/pt\/wp-json\/wp\/v2\/posts\/5294\/revisions"}],"wp:featuredmedia":[{"embeddable":true,"href":"https:\/\/jid.org\/pt\/wp-json\/wp\/v2\/media\/5281"}],"wp:attachment":[{"href":"https:\/\/jid.org\/pt\/wp-json\/wp\/v2\/media?parent=5294"}],"wp:term":[{"taxonomy":"category","embeddable":true,"href":"https:\/\/jid.org\/pt\/wp-json\/wp\/v2\/categories?post=5294"},{"taxonomy":"post_tag","embeddable":true,"href":"https:\/\/jid.org\/pt\/wp-json\/wp\/v2\/tags?post=5294"},{"taxonomy":"destacado","embeddable":true,"href":"https:\/\/jid.org\/pt\/wp-json\/wp\/v2\/destacado?post=5294"}],"curies":[{"name":"wp","href":"https:\/\/api.w.org\/{rel}","templated":true}]}}