{"id":5442,"date":"2019-11-06T11:59:23","date_gmt":"2019-11-06T16:59:23","guid":{"rendered":"https:\/\/opanlcom-cp6.wordpresstemporal.com\/JID\/?p=5442"},"modified":"2019-11-06T12:20:51","modified_gmt":"2019-11-06T17:20:51","slug":"jid-recibio-la-academia-conjunta-de-defensa-militar-de-ecuador","status":"publish","type":"post","link":"https:\/\/jid.org\/pt\/jid-recibio-la-academia-conjunta-de-defensa-militar-de-ecuador\/","title":{"rendered":"JID recebeu a Academia Conjunta de Defesa Militar do Equador"},"content":{"rendered":"<p>No dia 6 de novembro, a Junta Interamericana de Defesa (JID) recebeu 36 alunos da Academia Conjunta de Defesa Militar do Equador. A delega\u00e7\u00e3o foi recebida pelo Vice-Presidente do Conselho de Delegados, <strong>Brigadeiro General Carlos Humberto Casta\u00f1eda Nassi<\/strong>, que apresentou um panorama do trabalho realizado na JID.<\/p>\n<p>A visita do estudante faz parte do programa acad\u00eamico e tem como objetivo ampliar a forma\u00e7\u00e3o de Oficiais Superiores das For\u00e7as Armadas do Equador e de pa\u00edses amigos.<\/p>\n<h3 style=\"text-align: center\">Fotos<\/h3>\n<p>&nbsp;<br \/>\n<div id='gallery-1' class='gallery galleryid-5442 gallery-columns-2 gallery-size-large'><figure class='gallery-item'>\n\t\t\t<div class='gallery-icon landscape'>\n\t\t\t\t<a href='https:\/\/jid.org\/wp-content\/uploads\/2019\/11\/DSC00260.jpg'><img fetchpriority=\"high\" decoding=\"async\" width=\"800\" height=\"450\" src=\"https:\/\/jid.org\/wp-content\/uploads\/2019\/11\/DSC00260-1024x576.jpg\" class=\"attachment-large size-large\" alt=\"\" srcset=\"https:\/\/jid.org\/wp-content\/uploads\/2019\/11\/DSC00260-1024x576.jpg 1024w, https:\/\/jid.org\/wp-content\/uploads\/2019\/11\/DSC00260-300x169.jpg 300w, https:\/\/jid.org\/wp-content\/uploads\/2019\/11\/DSC00260-768x432.jpg 768w\" sizes=\"(max-width: 800px) 100vw, 800px\" \/><\/a>\n\t\t\t<\/div><\/figure><figure class='gallery-item'>\n\t\t\t<div class='gallery-icon landscape'>\n\t\t\t\t<a href='https:\/\/jid.org\/wp-content\/uploads\/2019\/11\/DSC00263.jpg'><img decoding=\"async\" width=\"800\" height=\"450\" src=\"https:\/\/jid.org\/wp-content\/uploads\/2019\/11\/DSC00263-1024x576.jpg\" class=\"attachment-large size-large\" alt=\"\" srcset=\"https:\/\/jid.org\/wp-content\/uploads\/2019\/11\/DSC00263-1024x576.jpg 1024w, https:\/\/jid.org\/wp-content\/uploads\/2019\/11\/DSC00263-300x169.jpg 300w, https:\/\/jid.org\/wp-content\/uploads\/2019\/11\/DSC00263-768x432.jpg 768w\" sizes=\"(max-width: 800px) 100vw, 800px\" \/><\/a>\n\t\t\t<\/div><\/figure><figure class='gallery-item'>\n\t\t\t<div class='gallery-icon landscape'>\n\t\t\t\t<a href='https:\/\/jid.org\/wp-content\/uploads\/2019\/11\/DSC00267.jpg'><img decoding=\"async\" width=\"800\" height=\"450\" src=\"https:\/\/jid.org\/wp-content\/uploads\/2019\/11\/DSC00267-1024x576.jpg\" class=\"attachment-large size-large\" alt=\"\" srcset=\"https:\/\/jid.org\/wp-content\/uploads\/2019\/11\/DSC00267-1024x576.jpg 1024w, https:\/\/jid.org\/wp-content\/uploads\/2019\/11\/DSC00267-300x169.jpg 300w, https:\/\/jid.org\/wp-content\/uploads\/2019\/11\/DSC00267-768x432.jpg 768w\" sizes=\"(max-width: 800px) 100vw, 800px\" \/><\/a>\n\t\t\t<\/div><\/figure><figure class='gallery-item'>\n\t\t\t<div class='gallery-icon landscape'>\n\t\t\t\t<a href='https:\/\/jid.org\/wp-content\/uploads\/2019\/11\/DSC00266.jpg'><img loading=\"lazy\" decoding=\"async\" width=\"800\" height=\"450\" src=\"https:\/\/jid.org\/wp-content\/uploads\/2019\/11\/DSC00266-1024x576.jpg\" class=\"attachment-large size-large\" alt=\"\" srcset=\"https:\/\/jid.org\/wp-content\/uploads\/2019\/11\/DSC00266-1024x576.jpg 1024w, https:\/\/jid.org\/wp-content\/uploads\/2019\/11\/DSC00266-300x169.jpg 300w, https:\/\/jid.org\/wp-content\/uploads\/2019\/11\/DSC00266-768x432.jpg 768w\" sizes=\"(max-width: 800px) 100vw, 800px\" \/><\/a>\n\t\t\t<\/div><\/figure>\n\t\t<\/div>\n<\/p>","protected":false},"excerpt":{"rendered":"<p>No dia 6 de novembro, a Junta Interamericana de Defesa (JID) recebeu 36 alunos da Academia Conjunta de Defesa Militar do Equador. A delega\u00e7\u00e3o foi recebida pelo Vice-Presidente do Conselho de Delegados, Brigadeiro-General Carlos Humberto Casta\u00f1eda Nassi, que apresentou um panorama do trabalho realizado na JID. A visita do aluno [\u2026]<\/p>","protected":false},"author":28,"featured_media":5443,"comment_status":"closed","ping_status":"closed","sticky":false,"template":"","format":"standard","meta":{"footnotes":""},"categories":[13],"tags":[],"destacado":[],"class_list":["post-5442","post","type-post","status-publish","format-standard","has-post-thumbnail","hentry","category-noticias"],"_links":{"self":[{"href":"https:\/\/jid.org\/pt\/wp-json\/wp\/v2\/posts\/5442","targetHints":{"allow":["GET"]}}],"collection":[{"href":"https:\/\/jid.org\/pt\/wp-json\/wp\/v2\/posts"}],"about":[{"href":"https:\/\/jid.org\/pt\/wp-json\/wp\/v2\/types\/post"}],"author":[{"embeddable":true,"href":"https:\/\/jid.org\/pt\/wp-json\/wp\/v2\/users\/28"}],"replies":[{"embeddable":true,"href":"https:\/\/jid.org\/pt\/wp-json\/wp\/v2\/comments?post=5442"}],"version-history":[{"count":0,"href":"https:\/\/jid.org\/pt\/wp-json\/wp\/v2\/posts\/5442\/revisions"}],"wp:featuredmedia":[{"embeddable":true,"href":"https:\/\/jid.org\/pt\/wp-json\/wp\/v2\/media\/5443"}],"wp:attachment":[{"href":"https:\/\/jid.org\/pt\/wp-json\/wp\/v2\/media?parent=5442"}],"wp:term":[{"taxonomy":"category","embeddable":true,"href":"https:\/\/jid.org\/pt\/wp-json\/wp\/v2\/categories?post=5442"},{"taxonomy":"post_tag","embeddable":true,"href":"https:\/\/jid.org\/pt\/wp-json\/wp\/v2\/tags?post=5442"},{"taxonomy":"destacado","embeddable":true,"href":"https:\/\/jid.org\/pt\/wp-json\/wp\/v2\/destacado?post=5442"}],"curies":[{"name":"wp","href":"https:\/\/api.w.org\/{rel}","templated":true}]}}