{"id":5531,"date":"2019-11-21T11:05:19","date_gmt":"2019-11-21T16:05:19","guid":{"rendered":"https:\/\/opanlcom-cp6.wordpresstemporal.com\/JID\/?p=5531"},"modified":"2019-11-21T11:05:19","modified_gmt":"2019-11-21T16:05:19","slug":"jid-participa-en-la-conferencia-de-las-fuerzas-armadas-centroamericanas","status":"publish","type":"post","link":"https:\/\/jid.org\/pt\/jid-participa-en-la-conferencia-de-las-fuerzas-armadas-centroamericanas\/","title":{"rendered":"JID participa da Confer\u00eancia das For\u00e7as Armadas Centro-Americanas"},"content":{"rendered":"<p>A Junta Interamericana de Defesa (JID) participa, como \u00d3rg\u00e3o de Observa\u00e7\u00e3o, da XLI Reuni\u00e3o Ordin\u00e1ria do Conselho Superior da Confer\u00eancia das For\u00e7as Armadas Centro-Americanas, que ser\u00e1 realizada de 19 a 22 de novembro de 2019 na Nicar\u00e1gua.<\/p>\n<p>A Confer\u00eancia \u00e9 uma organiza\u00e7\u00e3o internacional especializada que contribui para a seguran\u00e7a, o desenvolvimento e a integra\u00e7\u00e3o militar na Am\u00e9rica Central. Nesta ocasi\u00e3o estar\u00e3o presentes representantes do alto n\u00edvel militar da Nicar\u00e1gua, Honduras, El Salvador, Guatemala e Rep\u00fablica Dominicana.<\/p>\n<p>A JID ser\u00e1 representada no evento pelo Diretor Geral da Secretaria desta Junta, <strong>Brigadeiro General Juan Jos\u00e9 Gom\u00e9z Ruiz<\/strong>.<\/p>\n<h3 style=\"text-align: center\">Fotos<\/h3>\n<div id='gallery-1' class='gallery galleryid-5531 gallery-columns-2 gallery-size-large'><figure class='gallery-item'>\n\t\t\t<div class='gallery-icon landscape'>\n\t\t\t\t<a href='https:\/\/jid.org\/wp-content\/uploads\/2019\/11\/CFAC-FOTO-1.jpg'><img fetchpriority=\"high\" decoding=\"async\" width=\"800\" height=\"600\" src=\"https:\/\/jid.org\/wp-content\/uploads\/2019\/11\/CFAC-FOTO-1-1024x768.jpg\" class=\"attachment-large size-large\" alt=\"\" srcset=\"https:\/\/jid.org\/wp-content\/uploads\/2019\/11\/CFAC-FOTO-1-1024x768.jpg 1024w, https:\/\/jid.org\/wp-content\/uploads\/2019\/11\/CFAC-FOTO-1-300x225.jpg 300w, https:\/\/jid.org\/wp-content\/uploads\/2019\/11\/CFAC-FOTO-1-768x576.jpg 768w, https:\/\/jid.org\/wp-content\/uploads\/2019\/11\/CFAC-FOTO-1.jpg 1280w\" sizes=\"(max-width: 800px) 100vw, 800px\" \/><\/a>\n\t\t\t<\/div><\/figure><figure class='gallery-item'>\n\t\t\t<div class='gallery-icon landscape'>\n\t\t\t\t<a href='https:\/\/jid.org\/wp-content\/uploads\/2019\/11\/CFAC-FOTO-2.jpg'><img decoding=\"async\" width=\"800\" height=\"600\" src=\"https:\/\/jid.org\/wp-content\/uploads\/2019\/11\/CFAC-FOTO-2-1024x768.jpg\" class=\"attachment-large size-large\" alt=\"\" srcset=\"https:\/\/jid.org\/wp-content\/uploads\/2019\/11\/CFAC-FOTO-2-1024x768.jpg 1024w, https:\/\/jid.org\/wp-content\/uploads\/2019\/11\/CFAC-FOTO-2-300x225.jpg 300w, https:\/\/jid.org\/wp-content\/uploads\/2019\/11\/CFAC-FOTO-2-768x576.jpg 768w, https:\/\/jid.org\/wp-content\/uploads\/2019\/11\/CFAC-FOTO-2.jpg 1280w\" sizes=\"(max-width: 800px) 100vw, 800px\" \/><\/a>\n\t\t\t<\/div><\/figure>\n\t\t<\/div>","protected":false},"excerpt":{"rendered":"<p>A Junta Interamericana de Defesa (BID) participa, como \u00d3rg\u00e3o de Observa\u00e7\u00e3o, da XLI Reuni\u00e3o Ordin\u00e1ria do Conselho Superior da Confer\u00eancia das For\u00e7as Armadas Centro-Americanas, que acontecer\u00e1 de 19 a 22 de novembro de 2019 na Nicar\u00e1gua. A Confer\u00eancia \u00e9 uma organiza\u00e7\u00e3o internacional especializada que contribui para a seguran\u00e7a, o desenvolvimento e [\u2026]<\/p>","protected":false},"author":28,"featured_media":5533,"comment_status":"closed","ping_status":"closed","sticky":false,"template":"","format":"standard","meta":{"footnotes":""},"categories":[13],"tags":[],"destacado":[],"class_list":["post-5531","post","type-post","status-publish","format-standard","has-post-thumbnail","hentry","category-noticias"],"_links":{"self":[{"href":"https:\/\/jid.org\/pt\/wp-json\/wp\/v2\/posts\/5531","targetHints":{"allow":["GET"]}}],"collection":[{"href":"https:\/\/jid.org\/pt\/wp-json\/wp\/v2\/posts"}],"about":[{"href":"https:\/\/jid.org\/pt\/wp-json\/wp\/v2\/types\/post"}],"author":[{"embeddable":true,"href":"https:\/\/jid.org\/pt\/wp-json\/wp\/v2\/users\/28"}],"replies":[{"embeddable":true,"href":"https:\/\/jid.org\/pt\/wp-json\/wp\/v2\/comments?post=5531"}],"version-history":[{"count":0,"href":"https:\/\/jid.org\/pt\/wp-json\/wp\/v2\/posts\/5531\/revisions"}],"wp:featuredmedia":[{"embeddable":true,"href":"https:\/\/jid.org\/pt\/wp-json\/wp\/v2\/media\/5533"}],"wp:attachment":[{"href":"https:\/\/jid.org\/pt\/wp-json\/wp\/v2\/media?parent=5531"}],"wp:term":[{"taxonomy":"category","embeddable":true,"href":"https:\/\/jid.org\/pt\/wp-json\/wp\/v2\/categories?post=5531"},{"taxonomy":"post_tag","embeddable":true,"href":"https:\/\/jid.org\/pt\/wp-json\/wp\/v2\/tags?post=5531"},{"taxonomy":"destacado","embeddable":true,"href":"https:\/\/jid.org\/pt\/wp-json\/wp\/v2\/destacado?post=5531"}],"curies":[{"name":"wp","href":"https:\/\/api.w.org\/{rel}","templated":true}]}}