{"id":6198,"date":"2020-03-18T13:40:34","date_gmt":"2020-03-18T17:40:34","guid":{"rendered":"https:\/\/opanlcom-cp6.wordpresstemporal.com\/JID\/?p=6198"},"modified":"2020-03-18T15:05:10","modified_gmt":"2020-03-18T19:05:10","slug":"jid-realiza-exposicion-sobre-los-desafios-de-lo-cambio-climatico-en-la-oea","status":"publish","type":"post","link":"https:\/\/jid.org\/pt\/jid-realiza-exposicion-sobre-los-desafios-de-lo-cambio-climatico-en-la-oea\/","title":{"rendered":"JID realiza exposi\u00e7\u00e3o na OEA"},"content":{"rendered":"<p>Ele <strong>Brigadeiro General Carlos Humberto Casta\u00f1eda Nassi<\/strong> do Ex\u00e9rcito Peruano na qualidade de Vice-Presidente do Conselho de Delegados da Junta Interamericana de Defesa, acompanhado pelo <strong>Capit\u00e3o do Navio (Marinha) Luis Manuel de Campos Mello<\/strong>, da Marinha do Brasil, os Coron\u00e9is <strong>Francisco P\u00e9rez Gonz\u00e1lez<\/strong> da For\u00e7a A\u00e9rea da Rep\u00fablica Dominicana, <strong>Raul Devoto Uribe<\/strong> do Ex\u00e9rcito Peruano da Se\u00e7\u00e3o de Gest\u00e3o de Riscos de Desastres e do Oficial de Liga\u00e7\u00e3o com a Organiza\u00e7\u00e3o dos Estados Americanos (OEA), Coronel da For\u00e7a A\u00e9rea Brasileira <strong>Gerson Alves de Souza Louzeiro<\/strong> No dia 12 de mar\u00e7o, fez duas apresenta\u00e7\u00f5es sobre: \u201cOs desafios colocados pelas mudan\u00e7as clim\u00e1ticas para as For\u00e7as Armadas\u201d e \u201cConsidera\u00e7\u00f5es sobre Medidas de Fortalecimento da Confian\u00e7a e Seguran\u00e7a (CFSM)\u201d, a pedido do Presidente da Comiss\u00e3o de Seguran\u00e7a Hemisf\u00e9rica, Sr. <strong>Embaixador Jos\u00e9 Manuel Boza Orosco<\/strong>, Representante da Rep\u00fablica do Peru perante a OEA.<\/p>\n<p>A apresenta\u00e7\u00e3o foi realizada no Sal\u00e3o Guerrero da OEA, em Washington DC, perante os Ilustres Representantes da Secretaria da Organiza\u00e7\u00e3o, membros da Comiss\u00e3o e representantes dos pa\u00edses membros.<\/p>","protected":false},"excerpt":{"rendered":"<p>O Brigadeiro General Carlos Humberto Casta\u00f1eda Nassi do Ex\u00e9rcito Peruano na qualidade de Vice-Presidente do Conselho de Delegados da Junta Interamericana de Defesa, acompanhado do Capit\u00e3o (Fuzileiro Naval) Luis Manuel de Campos Mello, da Marinha do Brasil, os Coron\u00e9is Francisco P\u00e9rez Gonz\u00e1lez da For\u00e7a A\u00e9rea [\u2026]<\/p>","protected":false},"author":28,"featured_media":6200,"comment_status":"closed","ping_status":"closed","sticky":false,"template":"","format":"standard","meta":{"footnotes":""},"categories":[13],"tags":[],"destacado":[],"class_list":["post-6198","post","type-post","status-publish","format-standard","has-post-thumbnail","hentry","category-noticias"],"_links":{"self":[{"href":"https:\/\/jid.org\/pt\/wp-json\/wp\/v2\/posts\/6198","targetHints":{"allow":["GET"]}}],"collection":[{"href":"https:\/\/jid.org\/pt\/wp-json\/wp\/v2\/posts"}],"about":[{"href":"https:\/\/jid.org\/pt\/wp-json\/wp\/v2\/types\/post"}],"author":[{"embeddable":true,"href":"https:\/\/jid.org\/pt\/wp-json\/wp\/v2\/users\/28"}],"replies":[{"embeddable":true,"href":"https:\/\/jid.org\/pt\/wp-json\/wp\/v2\/comments?post=6198"}],"version-history":[{"count":0,"href":"https:\/\/jid.org\/pt\/wp-json\/wp\/v2\/posts\/6198\/revisions"}],"wp:featuredmedia":[{"embeddable":true,"href":"https:\/\/jid.org\/pt\/wp-json\/wp\/v2\/media\/6200"}],"wp:attachment":[{"href":"https:\/\/jid.org\/pt\/wp-json\/wp\/v2\/media?parent=6198"}],"wp:term":[{"taxonomy":"category","embeddable":true,"href":"https:\/\/jid.org\/pt\/wp-json\/wp\/v2\/categories?post=6198"},{"taxonomy":"post_tag","embeddable":true,"href":"https:\/\/jid.org\/pt\/wp-json\/wp\/v2\/tags?post=6198"},{"taxonomy":"destacado","embeddable":true,"href":"https:\/\/jid.org\/pt\/wp-json\/wp\/v2\/destacado?post=6198"}],"curies":[{"name":"wp","href":"https:\/\/api.w.org\/{rel}","templated":true}]}}